{"id":248868,"date":"2019-09-23T13:14:52","date_gmt":"2019-09-23T16:14:52","guid":{"rendered":"https:\/\/www.lavras24horas.com.br\/portal\/?p=248868"},"modified":"2019-09-23T13:14:52","modified_gmt":"2019-09-23T16:14:52","slug":"sul-de-minas-tem-11-mortes-por-acidentes-de-transito-em-uma-semana","status":"publish","type":"post","link":"https:\/\/www.lavras24horas.com.br\/portal\/sul-de-minas-tem-11-mortes-por-acidentes-de-transito-em-uma-semana\/","title":{"rendered":"Sul de Minas tem 11 mortes por acidentes de tr\u00e2nsito em uma semana"},"content":{"rendered":"<p>&nbsp;<\/p>\n<p style=\"text-align: justify;\">Pelo menos 11 mortes causadas por acidentes de tr\u00e2nsito foram registradas durante a \u00faltima semana no Sul de Minas. Os casos aconteceram entre a \u00faltima segunda-feira (16) e este domingo (22), com nove acidentes fatais nas estradas da regi\u00e3o.<\/p>\n<p style=\"text-align: justify;\">No primeiro deles, dois homens morreram em uma batida na MG-184, entre Carmo do Rio Claro. Entre eles, o professor universit\u00e1rio Ant\u00f4nio Faria, de Varginha. Al\u00e9m dele e do taxista Jord\u00e3o Silvestre, duas pessoas ficaram feridas, mas sobreviveram.<\/p>\n<p style=\"text-align: justify;\">No mesmo dia, em Aguanil, um idoso morreu ap\u00f3s o carro que estava capotar na MG-369. Os acidentes se seguiram nos dias seguintes, sendo que somente na sexta-feira (20) n\u00e3o houve nenhum caso notificado diretamente.<\/p>\n<p style=\"text-align: justify;\">O levantamento di\u00e1rio feito pelo G1 leva em conta informa\u00e7\u00f5es obtidas junto a \u00f3rg\u00e3os como Corpo de Bombeiros, Servi\u00e7o de Atendimento M\u00f3vel de Urg\u00eancia (Samu), Pol\u00edcia Militar e Pol\u00edcia Rodovi\u00e1ria Federal.<\/p>\n<p style=\"text-align: justify;\">As v\u00edtimas<\/p>\n<p style=\"text-align: justify;\">\nDas 11 mortes registradas no per\u00edodo, sete foram de homens e quatro de mulheres.<\/p>\n<p style=\"text-align: justify;\">\nApenas uma das v\u00edtimas, uma mulher, n\u00e3o teve a idade divulgada. Entre os que tiveram, a m\u00e9dia de idade foi de 41,7 anos.<\/p>\n<p style=\"text-align: justify;\">\nA m\u00e9dia \u00e9 maior entre os sete homens mortos no per\u00edodo, 48,8 anos.<\/p>\n<p style=\"text-align: justify;\">\nA m\u00e9dia somente das mulheres, desconsiderando a que n\u00e3o teve idade informada, foi de 25 anos.<\/p>\n<p style=\"text-align: justify;\">\n<strong>As cidades e estradas<\/strong><\/p>\n<p style=\"text-align: justify;\">\nNo per\u00edodo, apenas a Fern\u00e3o Dias (BR-381) registrou mais de uma ocorr\u00eancia que terminou em morte, com um motorista de caminh\u00e3o morrendo ap\u00f3s bater na traseira de outra carreta, ainda na segunda-feira, e depois com um ciclista sendo atingido na noite de s\u00e1bado (21).<\/p>\n<p style=\"text-align: justify;\">Os demais acidentes aconteceram nas seguintes rodoviais:<\/p>\n<p style=\"text-align: justify;\">MG-184<br \/>\nMG-369<br \/>\nMG-444<br \/>\nMG-050<br \/>\nBR-459<br \/>\nBR-460<br \/>\nBR-354<\/p>\n<p style=\"text-align: justify;\">\nAs nove ocorr\u00eancias registradas no per\u00edodo, que resultaram nas 11 mortes, tamb\u00e9m aconteceram sempre no per\u00edmentro de diferentes cidades: Aguanil, Capetinga, Carmo do Rio Claro, Estiva, Nepomuceno, Ol\u00edmpio Noronha, Passos, Pouso Alto e Santa Rita de Caldas.<\/p>\n<p style=\"text-align: justify;\">Viol\u00eancia nas estradas<br \/>\nCom isso, setembro j\u00e1 \u00e9 pelo menos o segundo m\u00eas com mais mortes nas rodovias do Sul de Minas, segundo levantamento realizado pelo G1. Ao todo j\u00e1 s\u00e3o pelo menos 33 \u00f3bitos causados por acidentes na regi\u00e3o desde o in\u00edcio do m\u00eas.<\/p>\n<p style=\"text-align: justify;\">O m\u00eas est\u00e1 atr\u00e1s apenas de julho, quando pelo menos 38 mortes foram registradas nas rodovias do Sul de Minas.<\/p>\n<p>Fonte: g1<\/p>\n","protected":false},"excerpt":{"rendered":"<p>&nbsp; Pelo menos 11 mortes causadas por acidentes de tr\u00e2nsito foram registradas durante a \u00faltima semana no Sul de Minas. Os casos aconteceram entre a \u00faltima segunda-feira (16) e este domingo (22), com nove acidentes fatais nas estradas da regi\u00e3o. No primeiro deles, dois homens morreram em uma batida na MG-184, entre Carmo do Rio [&hellip;]<\/p>\n","protected":false},"author":7,"featured_media":248869,"comment_status":"closed","ping_status":"closed","sticky":false,"template":"","format":"standard","meta":{"advanced_seo_description":"","jetpack_seo_html_title":"","jetpack_seo_noindex":false,"_jetpack_memberships_contains_paid_content":false,"footnotes":""},"categories":[12,4],"tags":[467,466],"class_list":["post-248868","post","type-post","status-publish","format-standard","has-post-thumbnail","hentry","category-destaques-1","category-lavras","tag-automatico","tag-rascunho"],"jetpack_featured_media_url":"https:\/\/i0.wp.com\/www.lavras24horas.com.br\/portal\/wp-content\/uploads\/2019\/09\/whatsapp-image-2019-09-16-at-18.05.46.jpeg?fit=500%2C375&ssl=1","jetpack_sharing_enabled":true,"jetpack_likes_enabled":true,"_links":{"self":[{"href":"https:\/\/www.lavras24horas.com.br\/portal\/wp-json\/wp\/v2\/posts\/248868","targetHints":{"allow":["GET"]}}],"collection":[{"href":"https:\/\/www.lavras24horas.com.br\/portal\/wp-json\/wp\/v2\/posts"}],"about":[{"href":"https:\/\/www.lavras24horas.com.br\/portal\/wp-json\/wp\/v2\/types\/post"}],"author":[{"embeddable":true,"href":"https:\/\/www.lavras24horas.com.br\/portal\/wp-json\/wp\/v2\/users\/7"}],"replies":[{"embeddable":true,"href":"https:\/\/www.lavras24horas.com.br\/portal\/wp-json\/wp\/v2\/comments?post=248868"}],"version-history":[{"count":1,"href":"https:\/\/www.lavras24horas.com.br\/portal\/wp-json\/wp\/v2\/posts\/248868\/revisions"}],"predecessor-version":[{"id":248870,"href":"https:\/\/www.lavras24horas.com.br\/portal\/wp-json\/wp\/v2\/posts\/248868\/revisions\/248870"}],"wp:featuredmedia":[{"embeddable":true,"href":"https:\/\/www.lavras24horas.com.br\/portal\/wp-json\/wp\/v2\/media\/248869"}],"wp:attachment":[{"href":"https:\/\/www.lavras24horas.com.br\/portal\/wp-json\/wp\/v2\/media?parent=248868"}],"wp:term":[{"taxonomy":"category","embeddable":true,"href":"https:\/\/www.lavras24horas.com.br\/portal\/wp-json\/wp\/v2\/categories?post=248868"},{"taxonomy":"post_tag","embeddable":true,"href":"https:\/\/www.lavras24horas.com.br\/portal\/wp-json\/wp\/v2\/tags?post=248868"}],"curies":[{"name":"wp","href":"https:\/\/api.w.org\/{rel}","templated":true}]}}