{"id":248854,"date":"2019-09-23T07:00:26","date_gmt":"2019-09-23T10:00:26","guid":{"rendered":"https:\/\/www.lavras24horas.com.br\/portal\/?p=248854"},"modified":"2019-09-22T16:17:08","modified_gmt":"2019-09-22T19:17:08","slug":"1a-feira-com-agricultores-em-agroecologia-da-ufla-sera-na-quarta-25-9","status":"publish","type":"post","link":"https:\/\/www.lavras24horas.com.br\/portal\/1a-feira-com-agricultores-em-agroecologia-da-ufla-sera-na-quarta-25-9\/","title":{"rendered":"1\u00aa Feira com Agricultores em Agroecologia da UFLA ser\u00e1 na quarta (25\/9)"},"content":{"rendered":"<p>&nbsp;<\/p>\n<p>&nbsp;<\/p>\n<p style=\"text-align: justify;\">Na quarta-feira (25\/9), ser\u00e1 realizada a 1\u00aa Feira com Agricultores em Agroecologia da Universidade Federal de Lavras (UFLA), das 9h \u00e0s 14h, no canteiro central da UFLA, em frente ao Centro de Conviv\u00eancia.<\/p>\n<p style=\"text-align: justify;\">Ser\u00e3o comercializados produtos org\u00e2nicos certificados e tamb\u00e9m produtos provenientes do processo de transi\u00e7\u00e3o para manejo org\u00e2nico, principalmente verduras, legumes,\u00a0frutas, quitandas, doces, temperos, a\u00e7\u00facar, cogumelos e mel. De acordo com a legisla\u00e7\u00e3o brasileira, os produtos org\u00e2nicos s\u00e3o obtidos por meio de um sistema org\u00e2nico de produ\u00e7\u00e3o agropecu\u00e1ria ou de processo extrativista sustent\u00e1vel e n\u00e3o prejudicial ao ecossistema local. O produtor org\u00e2nico deve ser certificado pelos mecanismos de controle de que trata a Lei no 10.831, de 2003.<\/p>\n<p style=\"text-align: justify;\">A feira \u00e9 uma realiza\u00e7\u00e3o da Pr\u00f3-Reitoria de Extens\u00e3o e Cultura (Proec) com o apoio do Programa de P\u00f3s-Gradua\u00e7\u00e3o em Desenvolvimento Sustent\u00e1vel e Extens\u00e3o do Departamento de Administra\u00e7\u00e3o e Economia (PGDE\/DAE). O objetivo \u00e9 contribuir para a promo\u00e7\u00e3o do desenvolvimento rural sustent\u00e1vel, bem como estimular a responsabilidade socioambiental e a alimenta\u00e7\u00e3o saud\u00e1vel.<\/p>\n","protected":false},"excerpt":{"rendered":"<p>&nbsp; &nbsp; Na quarta-feira (25\/9), ser\u00e1 realizada a 1\u00aa Feira com Agricultores em Agroecologia da Universidade Federal de Lavras (UFLA), das 9h \u00e0s 14h, no canteiro central da UFLA, em frente ao Centro de Conviv\u00eancia. Ser\u00e3o comercializados produtos org\u00e2nicos certificados e tamb\u00e9m produtos provenientes do processo de transi\u00e7\u00e3o para manejo org\u00e2nico, principalmente verduras, legumes,\u00a0frutas, quitandas, [&hellip;]<\/p>\n","protected":false},"author":7,"featured_media":248855,"comment_status":"closed","ping_status":"closed","sticky":false,"template":"","format":"standard","meta":{"advanced_seo_description":"","jetpack_seo_html_title":"","jetpack_seo_noindex":false,"_jetpack_memberships_contains_paid_content":false,"footnotes":""},"categories":[12,4],"tags":[467,466],"class_list":["post-248854","post","type-post","status-publish","format-standard","has-post-thumbnail","hentry","category-destaques-1","category-lavras","tag-automatico","tag-rascunho"],"jetpack_featured_media_url":"https:\/\/i0.wp.com\/www.lavras24horas.com.br\/portal\/wp-content\/uploads\/2019\/09\/couves_186907106.jpg?fit=500%2C333&ssl=1","jetpack_sharing_enabled":true,"jetpack_likes_enabled":true,"_links":{"self":[{"href":"https:\/\/www.lavras24horas.com.br\/portal\/wp-json\/wp\/v2\/posts\/248854","targetHints":{"allow":["GET"]}}],"collection":[{"href":"https:\/\/www.lavras24horas.com.br\/portal\/wp-json\/wp\/v2\/posts"}],"about":[{"href":"https:\/\/www.lavras24horas.com.br\/portal\/wp-json\/wp\/v2\/types\/post"}],"author":[{"embeddable":true,"href":"https:\/\/www.lavras24horas.com.br\/portal\/wp-json\/wp\/v2\/users\/7"}],"replies":[{"embeddable":true,"href":"https:\/\/www.lavras24horas.com.br\/portal\/wp-json\/wp\/v2\/comments?post=248854"}],"version-history":[{"count":1,"href":"https:\/\/www.lavras24horas.com.br\/portal\/wp-json\/wp\/v2\/posts\/248854\/revisions"}],"predecessor-version":[{"id":248856,"href":"https:\/\/www.lavras24horas.com.br\/portal\/wp-json\/wp\/v2\/posts\/248854\/revisions\/248856"}],"wp:featuredmedia":[{"embeddable":true,"href":"https:\/\/www.lavras24horas.com.br\/portal\/wp-json\/wp\/v2\/media\/248855"}],"wp:attachment":[{"href":"https:\/\/www.lavras24horas.com.br\/portal\/wp-json\/wp\/v2\/media?parent=248854"}],"wp:term":[{"taxonomy":"category","embeddable":true,"href":"https:\/\/www.lavras24horas.com.br\/portal\/wp-json\/wp\/v2\/categories?post=248854"},{"taxonomy":"post_tag","embeddable":true,"href":"https:\/\/www.lavras24horas.com.br\/portal\/wp-json\/wp\/v2\/tags?post=248854"}],"curies":[{"name":"wp","href":"https:\/\/api.w.org\/{rel}","templated":true}]}}