{"id":248848,"date":"2019-09-22T16:06:02","date_gmt":"2019-09-22T19:06:02","guid":{"rendered":"https:\/\/www.lavras24horas.com.br\/portal\/?p=248848"},"modified":"2019-09-22T16:06:02","modified_gmt":"2019-09-22T19:06:02","slug":"escolas-de-lavras-participarao-da-etapa-estadual-da-olimpiada-de-lingua-portuguesa","status":"publish","type":"post","link":"https:\/\/www.lavras24horas.com.br\/portal\/escolas-de-lavras-participarao-da-etapa-estadual-da-olimpiada-de-lingua-portuguesa\/","title":{"rendered":"Escolas de Lavras participar\u00e3o da etapa estadual da Olimp\u00edada de L\u00edngua Portuguesa"},"content":{"rendered":"<p>&nbsp;<\/p>\n<p>&nbsp;<\/p>\n<p class=\"normal\" style=\"text-align: justify;\">A Olimp\u00edada de L\u00edngua Portuguesa \u00e9 um concurso de produ\u00e7\u00e3o de textos para alunos de escolas p\u00fablicas de todo o pa\u00eds. O tema das produ\u00e7\u00f5es de 2019 \u00e9: \u201cO lugar onde vivo\u201d, que propicia aos alunos estreitar v\u00ednculos com a comunidade e aprofundar o conhecimento sobre a realidade local, contribuindo para o desenvolvimento de sua cidadania.<\/p>\n<p class=\"normal\" style=\"text-align: justify;\">Professores e estudantes puderam trabalhar textos de quatro g\u00eaneros liter\u00e1rios. Alunos do quinto e sexto ano do ensino fundamental desenvolveram a poesia; s\u00e9timo e oitavo ano, textos no g\u00eanero mem\u00f3ria; nono ano do ensino fundamental e primeira s\u00e9rie do ensino m\u00e9dio, cr\u00f4nica; segunda e terceira s\u00e9ries do ensino m\u00e9dio, artigo de opini\u00e3o.<\/p>\n<p class=\"normal\" style=\"text-align: justify;\">Na cidade de Lavras duas escolas municipais foram selecionadas para participar da Etapa Estadual da 6\u00aa edi\u00e7\u00e3o da Olimp\u00edada de L\u00edngua Portuguesa, sendo que a Escola Municipal Jos\u00e9 Serafim foi selecionada em duas categorias diferentes.<\/p>\n<p class=\"normal\" style=\"text-align: justify;\">Por meio da Secretaria de Educa\u00e7\u00e3o, o Governo Municipal de Lavras agradece e parabeniza a todos os participantes. Lavras, Educa\u00e7\u00e3o e Desenvolvimento!<\/p>\n<p class=\"normal\" style=\"text-align: justify;\"><strong>Conhe\u00e7a os representantes:<\/strong><\/p>\n<p class=\"normal\" style=\"text-align: justify;\">\n<p class=\"normal\" style=\"text-align: justify;\">&#8211;\u00a0 \u00a0 \u00a0 \u00a0<strong>Poema<\/strong><\/p>\n<p class=\"normal\" style=\"text-align: justify;\">T\u00edtulo: &#8220;O Lugar Onde Eu Vivo&#8221;<\/p>\n<p class=\"normal\" style=\"text-align: justify;\"><strong>Escola: ESCOLA MUNICIPAL JOS\u00c9 SERAFIM<\/strong><\/p>\n<p class=\"normal\" style=\"text-align: justify;\">Diretor(a): Marinete Aparecida Junqueira Guimar\u00e3es Ribeiro<\/p>\n<p class=\"normal\" style=\"text-align: justify;\">Professor(a): Valda Roselane Isabel Pereira<\/p>\n<p class=\"normal\" style=\"text-align: justify;\">Aluno(a): Rayan J\u00fanior Dialuce Souza Costa<\/p>\n<p class=\"normal\" style=\"text-align: justify;\">\n<p class=\"normal\" style=\"text-align: justify;\">&#8211;\u00a0<strong>Mem\u00f3rias liter\u00e1rias<\/strong><\/p>\n<p class=\"normal\" style=\"text-align: justify;\">T\u00edtulo: Mem\u00f3ria viva = hist\u00f3ria permanente<\/p>\n<p class=\"normal\" style=\"text-align: justify;\"><strong>Escola: ESCOLA MUNICIPAL PAULO MENICUCCI<\/strong><\/p>\n<p class=\"normal\" style=\"text-align: justify;\">Diretor(a): Elis\u00e2ngela P\u00e1dua<\/p>\n<p class=\"normal\" style=\"text-align: justify;\">Professor(a): Waleska Aparecida Ara\u00fajo Carvalho<\/p>\n<p class=\"normal\" style=\"text-align: justify;\">Aluno(a): Polyana Morais sobrinho<\/p>\n<p class=\"normal\" style=\"text-align: justify;\">\n<p class=\"normal\" style=\"text-align: justify;\">&#8211;\u00a0<strong>Cr\u00f4nica<\/strong><\/p>\n<p class=\"normal\" style=\"text-align: justify;\">T\u00edtulo: Nunca deixe de tentar<\/p>\n<p class=\"normal\" style=\"text-align: justify;\"><strong>Escola: ESCOLA MUNICIPAL JOS\u00c9 SERAFIM<\/strong><\/p>\n<p class=\"normal\" style=\"text-align: justify;\">Diretor(a): Marinete Aparecida Junqueira Guimar\u00e3es Ribeiro<\/p>\n<p class=\"normal\" style=\"text-align: justify;\">Professor(a): Vin\u00edcius Macedo Teodoro<\/p>\n<p class=\"normal\" style=\"text-align: justify;\">Aluno(a): Kemely Vit\u00f3ria Gon\u00e7alves Coelho<\/p>\n<p class=\"normal\" style=\"text-align: justify;\">\n<p class=\"normal\" style=\"text-align: justify;\"><strong><em>*Diretoria de Comunica\u00e7\u00e3o Social \u2013 Governo Municipal de Lavras<\/em><\/strong><\/p>\n","protected":false},"excerpt":{"rendered":"<p>&nbsp; &nbsp; A Olimp\u00edada de L\u00edngua Portuguesa \u00e9 um concurso de produ\u00e7\u00e3o de textos para alunos de escolas p\u00fablicas de todo o pa\u00eds. O tema das produ\u00e7\u00f5es de 2019 \u00e9: \u201cO lugar onde vivo\u201d, que propicia aos alunos estreitar v\u00ednculos com a comunidade e aprofundar o conhecimento sobre a realidade local, contribuindo para o desenvolvimento [&hellip;]<\/p>\n","protected":false},"author":7,"featured_media":248849,"comment_status":"closed","ping_status":"closed","sticky":false,"template":"","format":"standard","meta":{"advanced_seo_description":"","jetpack_seo_html_title":"","jetpack_seo_noindex":false,"_jetpack_memberships_contains_paid_content":false,"footnotes":""},"categories":[14,4],"tags":[467,466],"class_list":["post-248848","post","type-post","status-publish","format-standard","has-post-thumbnail","hentry","category-destaques-2","category-lavras","tag-automatico","tag-rascunho"],"jetpack_featured_media_url":"https:\/\/i0.wp.com\/www.lavras24horas.com.br\/portal\/wp-content\/uploads\/2019\/09\/olimpiada.jpg?fit=600%2C350&ssl=1","jetpack_sharing_enabled":true,"jetpack_likes_enabled":true,"_links":{"self":[{"href":"https:\/\/www.lavras24horas.com.br\/portal\/wp-json\/wp\/v2\/posts\/248848","targetHints":{"allow":["GET"]}}],"collection":[{"href":"https:\/\/www.lavras24horas.com.br\/portal\/wp-json\/wp\/v2\/posts"}],"about":[{"href":"https:\/\/www.lavras24horas.com.br\/portal\/wp-json\/wp\/v2\/types\/post"}],"author":[{"embeddable":true,"href":"https:\/\/www.lavras24horas.com.br\/portal\/wp-json\/wp\/v2\/users\/7"}],"replies":[{"embeddable":true,"href":"https:\/\/www.lavras24horas.com.br\/portal\/wp-json\/wp\/v2\/comments?post=248848"}],"version-history":[{"count":1,"href":"https:\/\/www.lavras24horas.com.br\/portal\/wp-json\/wp\/v2\/posts\/248848\/revisions"}],"predecessor-version":[{"id":248850,"href":"https:\/\/www.lavras24horas.com.br\/portal\/wp-json\/wp\/v2\/posts\/248848\/revisions\/248850"}],"wp:featuredmedia":[{"embeddable":true,"href":"https:\/\/www.lavras24horas.com.br\/portal\/wp-json\/wp\/v2\/media\/248849"}],"wp:attachment":[{"href":"https:\/\/www.lavras24horas.com.br\/portal\/wp-json\/wp\/v2\/media?parent=248848"}],"wp:term":[{"taxonomy":"category","embeddable":true,"href":"https:\/\/www.lavras24horas.com.br\/portal\/wp-json\/wp\/v2\/categories?post=248848"},{"taxonomy":"post_tag","embeddable":true,"href":"https:\/\/www.lavras24horas.com.br\/portal\/wp-json\/wp\/v2\/tags?post=248848"}],"curies":[{"name":"wp","href":"https:\/\/api.w.org\/{rel}","templated":true}]}}