{"id":248826,"date":"2019-09-21T12:29:36","date_gmt":"2019-09-21T15:29:36","guid":{"rendered":"https:\/\/www.lavras24horas.com.br\/portal\/?p=248826"},"modified":"2019-09-21T12:29:36","modified_gmt":"2019-09-21T15:29:36","slug":"baixo-volume-em-reservatorio-da-copasa-provoca-falta-de-agua-em-bairros-lavrenses","status":"publish","type":"post","link":"https:\/\/www.lavras24horas.com.br\/portal\/baixo-volume-em-reservatorio-da-copasa-provoca-falta-de-agua-em-bairros-lavrenses\/","title":{"rendered":"Baixo volume em reservat\u00f3rio da Copasa provoca falta de \u00e1gua em bairros lavrenses"},"content":{"rendered":"<p style=\"text-align: justify;\">\n<p style=\"text-align: justify;\">Diversos bairros de Lavras apresentaram problemas com rela\u00e7\u00e3o ao abastecimento de \u00e1gua nas \u00faltimas horas.<\/p>\n<p style=\"text-align: justify;\">Entre os v\u00e1rios bairros afetados pela falta de \u00e1gua, est\u00e3o: Serra Verde, Santa Efig\u00eania, Novo \u00c1gua Limpa, Jardim S\u00e3o Paulo, Joaquim Sales, Jardim Gl\u00f3ria, Nossa Senhora de Lourdes, Jardim Europa, Alterosa e Morada do Sol.\u00a0Moradores usaram as redes sociais para reclamar da falta de abastecimento de \u00e1gua. Os problemas foram detectados na noite desta sexta-feira (20).<\/p>\n<p style=\"text-align: justify;\">De acordo com o gerente do Distrito Regional da Companhia de Saneamento de Minas Gerais (Copasa) de Lavras, Jos\u00e9 Eli de Souza, o problema foi ocasionado por conta do baixo volume de \u00e1gua de um dos reservat\u00f3rios da empresa, que precisou ser fechado, o que ocasionou a suspens\u00e3o de parte do servi\u00e7o de abastecimento.<\/p>\n<p style=\"text-align: justify;\">O gerente informou que a distribui\u00e7\u00e3o de \u00e1gua come\u00e7ar\u00e1 a ser normalizada a partir das 14h deste s\u00e1bado, quando todos os reservat\u00f3rios voltaram a operar dentro da normalidade.<\/p>\n","protected":false},"excerpt":{"rendered":"<p>Diversos bairros de Lavras apresentaram problemas com rela\u00e7\u00e3o ao abastecimento de \u00e1gua nas \u00faltimas horas. Entre os v\u00e1rios bairros afetados pela falta de \u00e1gua, est\u00e3o: Serra Verde, Santa Efig\u00eania, Novo \u00c1gua Limpa, Jardim S\u00e3o Paulo, Joaquim Sales, Jardim Gl\u00f3ria, Nossa Senhora de Lourdes, Jardim Europa, Alterosa e Morada do Sol.\u00a0Moradores usaram as redes sociais para [&hellip;]<\/p>\n","protected":false},"author":7,"featured_media":248827,"comment_status":"closed","ping_status":"closed","sticky":false,"template":"","format":"standard","meta":{"advanced_seo_description":"","jetpack_seo_html_title":"","jetpack_seo_noindex":false,"_jetpack_memberships_contains_paid_content":false,"footnotes":""},"categories":[12,4],"tags":[467,466],"class_list":["post-248826","post","type-post","status-publish","format-standard","has-post-thumbnail","hentry","category-destaques-1","category-lavras","tag-automatico","tag-rascunho"],"jetpack_featured_media_url":"https:\/\/i0.wp.com\/www.lavras24horas.com.br\/portal\/wp-content\/uploads\/2019\/09\/copasa-3.jpg?fit=500%2C375&ssl=1","jetpack_sharing_enabled":true,"jetpack_likes_enabled":true,"_links":{"self":[{"href":"https:\/\/www.lavras24horas.com.br\/portal\/wp-json\/wp\/v2\/posts\/248826","targetHints":{"allow":["GET"]}}],"collection":[{"href":"https:\/\/www.lavras24horas.com.br\/portal\/wp-json\/wp\/v2\/posts"}],"about":[{"href":"https:\/\/www.lavras24horas.com.br\/portal\/wp-json\/wp\/v2\/types\/post"}],"author":[{"embeddable":true,"href":"https:\/\/www.lavras24horas.com.br\/portal\/wp-json\/wp\/v2\/users\/7"}],"replies":[{"embeddable":true,"href":"https:\/\/www.lavras24horas.com.br\/portal\/wp-json\/wp\/v2\/comments?post=248826"}],"version-history":[{"count":1,"href":"https:\/\/www.lavras24horas.com.br\/portal\/wp-json\/wp\/v2\/posts\/248826\/revisions"}],"predecessor-version":[{"id":248828,"href":"https:\/\/www.lavras24horas.com.br\/portal\/wp-json\/wp\/v2\/posts\/248826\/revisions\/248828"}],"wp:featuredmedia":[{"embeddable":true,"href":"https:\/\/www.lavras24horas.com.br\/portal\/wp-json\/wp\/v2\/media\/248827"}],"wp:attachment":[{"href":"https:\/\/www.lavras24horas.com.br\/portal\/wp-json\/wp\/v2\/media?parent=248826"}],"wp:term":[{"taxonomy":"category","embeddable":true,"href":"https:\/\/www.lavras24horas.com.br\/portal\/wp-json\/wp\/v2\/categories?post=248826"},{"taxonomy":"post_tag","embeddable":true,"href":"https:\/\/www.lavras24horas.com.br\/portal\/wp-json\/wp\/v2\/tags?post=248826"}],"curies":[{"name":"wp","href":"https:\/\/api.w.org\/{rel}","templated":true}]}}