{"id":248824,"date":"2019-09-21T08:08:12","date_gmt":"2019-09-21T11:08:12","guid":{"rendered":"https:\/\/www.lavras24horas.com.br\/portal\/?p=248824"},"modified":"2019-09-21T08:08:12","modified_gmt":"2019-09-21T11:08:12","slug":"sabado-21-09-2019","status":"publish","type":"post","link":"https:\/\/www.lavras24horas.com.br\/portal\/sabado-21-09-2019\/","title":{"rendered":"S\u00e1bado (21\/09\/2019)"},"content":{"rendered":"<p><strong><em>Nome: NELSON FLOR\u00caNCIO DE ASSIS<\/em><\/strong><\/p>\n<p><em>Velado na capela 03 do Vel\u00f3rio S\u00e3o Jo\u00e3o Batista <\/em><\/p>\n<p><em>Sepultamento dia 21\/09\/2019 \u00e0s 16h30<\/em><\/p>\n<p><em>Cemit\u00e9rio Paroquial S\u00e3o Miguel \u00a0\u00a0<\/em><\/p>\n<p><em>Fonte: Administra\u00e7\u00e3o dos Cemit\u00e9rios<\/em><\/p>\n","protected":false},"excerpt":{"rendered":"<p>Nome: NELSON FLOR\u00caNCIO DE ASSIS Velado na capela 03 do Vel\u00f3rio S\u00e3o Jo\u00e3o Batista Sepultamento dia 21\/09\/2019 \u00e0s 16h30 Cemit\u00e9rio Paroquial S\u00e3o Miguel \u00a0\u00a0 Fonte: Administra\u00e7\u00e3o dos Cemit\u00e9rios<\/p>\n","protected":false},"author":7,"featured_media":0,"comment_status":"closed","ping_status":"closed","sticky":false,"template":"","format":"standard","meta":{"advanced_seo_description":"","jetpack_seo_html_title":"","jetpack_seo_noindex":false,"_jetpack_memberships_contains_paid_content":false,"footnotes":""},"categories":[1495],"tags":[467,466],"class_list":["post-248824","post","type-post","status-publish","format-standard","hentry","category-obituario-2","tag-automatico","tag-rascunho"],"jetpack_featured_media_url":"","jetpack_sharing_enabled":true,"jetpack_likes_enabled":true,"_links":{"self":[{"href":"https:\/\/www.lavras24horas.com.br\/portal\/wp-json\/wp\/v2\/posts\/248824","targetHints":{"allow":["GET"]}}],"collection":[{"href":"https:\/\/www.lavras24horas.com.br\/portal\/wp-json\/wp\/v2\/posts"}],"about":[{"href":"https:\/\/www.lavras24horas.com.br\/portal\/wp-json\/wp\/v2\/types\/post"}],"author":[{"embeddable":true,"href":"https:\/\/www.lavras24horas.com.br\/portal\/wp-json\/wp\/v2\/users\/7"}],"replies":[{"embeddable":true,"href":"https:\/\/www.lavras24horas.com.br\/portal\/wp-json\/wp\/v2\/comments?post=248824"}],"version-history":[{"count":1,"href":"https:\/\/www.lavras24horas.com.br\/portal\/wp-json\/wp\/v2\/posts\/248824\/revisions"}],"predecessor-version":[{"id":248825,"href":"https:\/\/www.lavras24horas.com.br\/portal\/wp-json\/wp\/v2\/posts\/248824\/revisions\/248825"}],"wp:attachment":[{"href":"https:\/\/www.lavras24horas.com.br\/portal\/wp-json\/wp\/v2\/media?parent=248824"}],"wp:term":[{"taxonomy":"category","embeddable":true,"href":"https:\/\/www.lavras24horas.com.br\/portal\/wp-json\/wp\/v2\/categories?post=248824"},{"taxonomy":"post_tag","embeddable":true,"href":"https:\/\/www.lavras24horas.com.br\/portal\/wp-json\/wp\/v2\/tags?post=248824"}],"curies":[{"name":"wp","href":"https:\/\/api.w.org\/{rel}","templated":true}]}}