{"id":248816,"date":"2019-09-21T07:00:58","date_gmt":"2019-09-21T10:00:58","guid":{"rendered":"https:\/\/www.lavras24horas.com.br\/portal\/?p=248816"},"modified":"2019-09-20T15:49:31","modified_gmt":"2019-09-20T18:49:31","slug":"meninas-cantoras-de-lavras-vao-se-apresentar-em-igreja-de-ingai","status":"publish","type":"post","link":"https:\/\/www.lavras24horas.com.br\/portal\/meninas-cantoras-de-lavras-vao-se-apresentar-em-igreja-de-ingai\/","title":{"rendered":"Meninas Cantoras de Lavras v\u00e3o se apresentar em igreja de Inga\u00ed"},"content":{"rendered":"<p>&nbsp;<\/p>\n<p>&nbsp;<\/p>\n<p style=\"text-align: justify;\">O grupo Meninas Cantoras de Lavras fazem uma apresenta\u00e7\u00e3o especial neste o s\u00e1bado, 21. O convite, feito pela<span id=\"fbPhotoSnowliftCaption\" class=\"fbPhotosPhotoCaption\" tabindex=\"0\" aria-live=\"polite\" data-ft=\"{&quot;tn&quot;:&quot;K&quot;}\"><span class=\"hasCaption\">\u00a0Pastoral Familiar promove emocionar os paroquianos da par\u00f3quia S\u00e3o Sebasti\u00e3o e S\u00e3o Jo\u00e3o Batista, da cidade de Inga\u00ed.<\/span><\/span><\/p>\n<div class=\"mc-column content-text active-extra-styles \" style=\"text-align: justify;\" data-block-type=\"unstyled\" data-block-weight=\"54\" data-block-id=\"13\">\n<p class=\"content-text__container \" data-track-category=\"Link no Texto\" data-track-links=\"\">As Meninas Cantoras de Lavras come\u00e7aram os trabalhos em 2008. Desde ent\u00e3o, mais de 400 meninas j\u00e1 foram atendidas pelo projeto, que \u00e9 gratuito. No coral, meninas de 7 a 15 anos t\u00eam curso preparat\u00f3rio, com aulas de desenvolvimento musica, t\u00e9cnica vocal e acompanhamento. A partir dos 10 anos, elas come\u00e7am a se apresentar nos eventos.<\/p>\n<\/div>\n<p style=\"text-align: justify;\">Sob a reg\u00eancia do maestro Jos\u00e9 Maciel, o coral feminino j\u00e1 se apresentaram em diversas cidades brasileiras e j\u00e1 puderam se apresentar junto de cantores como Daniel, Dominguinhos e padre Ant\u00f4nio Maria.<\/p>\n<p style=\"text-align: justify;\"><span id=\"fbPhotoSnowliftCaption\" class=\"fbPhotosPhotoCaption\" tabindex=\"0\" aria-live=\"polite\" data-ft=\"{&quot;tn&quot;:&quot;K&quot;}\"><span class=\"hasCaption\">A apresenta\u00e7\u00e3o vai acontecer no interior da igreja matriz, \u00e0s 20 horas. O evento \u00e9 gratuito.<\/span><\/span><\/p>\n","protected":false},"excerpt":{"rendered":"<p>&nbsp; &nbsp; O grupo Meninas Cantoras de Lavras fazem uma apresenta\u00e7\u00e3o especial neste o s\u00e1bado, 21. O convite, feito pela\u00a0Pastoral Familiar promove emocionar os paroquianos da par\u00f3quia S\u00e3o Sebasti\u00e3o e S\u00e3o Jo\u00e3o Batista, da cidade de Inga\u00ed. As Meninas Cantoras de Lavras come\u00e7aram os trabalhos em 2008. Desde ent\u00e3o, mais de 400 meninas j\u00e1 foram [&hellip;]<\/p>\n","protected":false},"author":7,"featured_media":248817,"comment_status":"closed","ping_status":"closed","sticky":false,"template":"","format":"standard","meta":{"advanced_seo_description":"","jetpack_seo_html_title":"","jetpack_seo_noindex":false,"_jetpack_memberships_contains_paid_content":false,"footnotes":""},"categories":[13,4],"tags":[467,466],"class_list":["post-248816","post","type-post","status-publish","format-standard","has-post-thumbnail","hentry","category-laterais-1","category-lavras","tag-automatico","tag-rascunho"],"jetpack_featured_media_url":"https:\/\/i0.wp.com\/www.lavras24horas.com.br\/portal\/wp-content\/uploads\/2019\/09\/38792534_1799506293498566_8289666573568835584_n.jpg?fit=600%2C391&ssl=1","jetpack_sharing_enabled":true,"jetpack_likes_enabled":true,"_links":{"self":[{"href":"https:\/\/www.lavras24horas.com.br\/portal\/wp-json\/wp\/v2\/posts\/248816","targetHints":{"allow":["GET"]}}],"collection":[{"href":"https:\/\/www.lavras24horas.com.br\/portal\/wp-json\/wp\/v2\/posts"}],"about":[{"href":"https:\/\/www.lavras24horas.com.br\/portal\/wp-json\/wp\/v2\/types\/post"}],"author":[{"embeddable":true,"href":"https:\/\/www.lavras24horas.com.br\/portal\/wp-json\/wp\/v2\/users\/7"}],"replies":[{"embeddable":true,"href":"https:\/\/www.lavras24horas.com.br\/portal\/wp-json\/wp\/v2\/comments?post=248816"}],"version-history":[{"count":1,"href":"https:\/\/www.lavras24horas.com.br\/portal\/wp-json\/wp\/v2\/posts\/248816\/revisions"}],"predecessor-version":[{"id":248818,"href":"https:\/\/www.lavras24horas.com.br\/portal\/wp-json\/wp\/v2\/posts\/248816\/revisions\/248818"}],"wp:featuredmedia":[{"embeddable":true,"href":"https:\/\/www.lavras24horas.com.br\/portal\/wp-json\/wp\/v2\/media\/248817"}],"wp:attachment":[{"href":"https:\/\/www.lavras24horas.com.br\/portal\/wp-json\/wp\/v2\/media?parent=248816"}],"wp:term":[{"taxonomy":"category","embeddable":true,"href":"https:\/\/www.lavras24horas.com.br\/portal\/wp-json\/wp\/v2\/categories?post=248816"},{"taxonomy":"post_tag","embeddable":true,"href":"https:\/\/www.lavras24horas.com.br\/portal\/wp-json\/wp\/v2\/tags?post=248816"}],"curies":[{"name":"wp","href":"https:\/\/api.w.org\/{rel}","templated":true}]}}