{"id":248809,"date":"2019-09-20T15:24:07","date_gmt":"2019-09-20T18:24:07","guid":{"rendered":"https:\/\/www.lavras24horas.com.br\/portal\/?p=248809"},"modified":"2019-09-20T15:30:58","modified_gmt":"2019-09-20T18:30:58","slug":"semana-nacional-do-transito-tem-atividades-em-lavras","status":"publish","type":"post","link":"https:\/\/www.lavras24horas.com.br\/portal\/semana-nacional-do-transito-tem-atividades-em-lavras\/","title":{"rendered":"Semana Nacional do Tr\u00e2nsito tem atividades em Lavras"},"content":{"rendered":"<p>&nbsp;<\/p>\n<p>&nbsp;<\/p>\n<p style=\"font-weight: 400; text-align: justify;\">Teve in\u00edcio ontem, quarta-feira, dia 18, em todo o pa\u00eds, a Semana Nacional do Tr\u00e2nsito, que ser\u00e1 realizada at\u00e9 o dia 25 de setembro. A iniciativa tem por objetivo conscientizar motoristas, ciclistas e pedestres para a\u00e7\u00f5es que transformem o tr\u00e2nsito em um ambiente seguro. Prevista no C\u00f3digo de Tr\u00e2nsito Brasileiro (CTB), a semana ser\u00e1 celebrada com a\u00e7\u00f5es integradas entre a\u00a0sociedade e o poder p\u00fablico \u2013 federal, estadual e municipal.<\/p>\n<p style=\"font-weight: 400; text-align: justify;\">O tema \u201cNo tr\u00e2nsito, d\u00ea sentido \u00e0 vida\u201d segue as diretrizes da Organiza\u00e7\u00e3o das Na\u00e7\u00f5es Unidas (ONU) para redu\u00e7\u00e3o de 50% dos \u00edndices de mortalidade no tr\u00e2nsito nos pa\u00edses membros.<\/p>\n<p style=\"font-weight: 400; text-align: justify;\">Neste ano, o foco das mobiliza\u00e7\u00f5es est\u00e1 nos mais vulner\u00e1veis no tr\u00e2nsito: pedestres, ciclistas e motociclistas. A Semana Nacional do Tr\u00e2nsito faz parte da campanha educativa do Conselho Nacional de Tr\u00e2nsito (Contran) para 2019.<\/p>\n<p style=\"font-weight: 400; text-align: justify;\">Em Lavras, a Semana do Tr\u00e2nsito deste ano tem como tema: \u201cA Seguran\u00e7a do idoso no tr\u00e2nsito\u201d. O tema \u00e9 decorrente de um tr\u00e1gico acidente que deixou dois idosos como v\u00edtimas fatais. A Semana, que \u00e9 realizada em todo o Brasil vai dos dias 18 a 25 de setembro, por\u00e9m, ser\u00e1 estendida at\u00e9 o in\u00edcio de outubro, quando \u00e9 comemorado tamb\u00e9m a Semana do Idoso.<\/p>\n<p style=\"font-weight: 400; text-align: justify;\">As a\u00e7\u00f5es consistir\u00e3o em: campanha no sem\u00e1foro de pedestre com os idosos; Blitz com a Pol\u00edcia Militar; Atividades em todos os CRAS (Centro de Refer\u00eancia de Assist\u00eancia Social) e na Transitol\u00e2ncia, na 6\u00aa Companhia de Tr\u00e2nsito, as atividades ser\u00e3o desenvolvidas pelos alunos do Projeto Rumo Certo.<\/p>\n<p style=\"font-weight: 400; text-align: justify;\">No tr\u00e2nsito o sentido \u00e9 a vida!<\/p>\n","protected":false},"excerpt":{"rendered":"<p>&nbsp; &nbsp; Teve in\u00edcio ontem, quarta-feira, dia 18, em todo o pa\u00eds, a Semana Nacional do Tr\u00e2nsito, que ser\u00e1 realizada at\u00e9 o dia 25 de setembro. A iniciativa tem por objetivo conscientizar motoristas, ciclistas e pedestres para a\u00e7\u00f5es que transformem o tr\u00e2nsito em um ambiente seguro. Prevista no C\u00f3digo de Tr\u00e2nsito Brasileiro (CTB), a semana [&hellip;]<\/p>\n","protected":false},"author":7,"featured_media":248810,"comment_status":"closed","ping_status":"closed","sticky":false,"template":"","format":"standard","meta":{"advanced_seo_description":"","jetpack_seo_html_title":"","jetpack_seo_noindex":false,"_jetpack_memberships_contains_paid_content":false,"footnotes":""},"categories":[14,4],"tags":[467,466],"class_list":["post-248809","post","type-post","status-publish","format-standard","has-post-thumbnail","hentry","category-destaques-2","category-lavras","tag-automatico","tag-rascunho"],"jetpack_featured_media_url":"https:\/\/i0.wp.com\/www.lavras24horas.com.br\/portal\/wp-content\/uploads\/2019\/09\/semananacionaldetransito.jpg?fit=678%2C381&ssl=1","jetpack_sharing_enabled":true,"jetpack_likes_enabled":true,"_links":{"self":[{"href":"https:\/\/www.lavras24horas.com.br\/portal\/wp-json\/wp\/v2\/posts\/248809","targetHints":{"allow":["GET"]}}],"collection":[{"href":"https:\/\/www.lavras24horas.com.br\/portal\/wp-json\/wp\/v2\/posts"}],"about":[{"href":"https:\/\/www.lavras24horas.com.br\/portal\/wp-json\/wp\/v2\/types\/post"}],"author":[{"embeddable":true,"href":"https:\/\/www.lavras24horas.com.br\/portal\/wp-json\/wp\/v2\/users\/7"}],"replies":[{"embeddable":true,"href":"https:\/\/www.lavras24horas.com.br\/portal\/wp-json\/wp\/v2\/comments?post=248809"}],"version-history":[{"count":1,"href":"https:\/\/www.lavras24horas.com.br\/portal\/wp-json\/wp\/v2\/posts\/248809\/revisions"}],"predecessor-version":[{"id":248811,"href":"https:\/\/www.lavras24horas.com.br\/portal\/wp-json\/wp\/v2\/posts\/248809\/revisions\/248811"}],"wp:featuredmedia":[{"embeddable":true,"href":"https:\/\/www.lavras24horas.com.br\/portal\/wp-json\/wp\/v2\/media\/248810"}],"wp:attachment":[{"href":"https:\/\/www.lavras24horas.com.br\/portal\/wp-json\/wp\/v2\/media?parent=248809"}],"wp:term":[{"taxonomy":"category","embeddable":true,"href":"https:\/\/www.lavras24horas.com.br\/portal\/wp-json\/wp\/v2\/categories?post=248809"},{"taxonomy":"post_tag","embeddable":true,"href":"https:\/\/www.lavras24horas.com.br\/portal\/wp-json\/wp\/v2\/tags?post=248809"}],"curies":[{"name":"wp","href":"https:\/\/api.w.org\/{rel}","templated":true}]}}