{"id":248805,"date":"2019-09-21T07:00:34","date_gmt":"2019-09-21T10:00:34","guid":{"rendered":"https:\/\/www.lavras24horas.com.br\/portal\/?p=248805"},"modified":"2019-09-20T15:22:38","modified_gmt":"2019-09-20T18:22:38","slug":"nucleo-de-apoio-a-saude-da-familia-realizara-caminhada-do-setembro-amarelo","status":"publish","type":"post","link":"https:\/\/www.lavras24horas.com.br\/portal\/nucleo-de-apoio-a-saude-da-familia-realizara-caminhada-do-setembro-amarelo\/","title":{"rendered":"N\u00facleo de Apoio \u00e0 Sa\u00fade da Fam\u00edlia realizar\u00e1 Caminhada do Setembro Amarelo"},"content":{"rendered":"<p>&nbsp;<\/p>\n<p>&nbsp;<\/p>\n<p style=\"font-weight: 400; text-align: justify;\">O N\u00facleo de Apoio \u00e0 Sa\u00fade da Fam\u00edlia (Nasf) vai realizar no dia 25, quarta-feira, uma Caminhada aberta a toda a popula\u00e7\u00e3o lavrense. O ponto de encontro ser\u00e1 na entrada das trilhas das lagoas da Universidade Federal de Lavras (Ufla) \u00e0s 7h30.<\/p>\n<p style=\"font-weight: 400; text-align: justify;\">O tema da caminhada ser\u00e1 o \u201cSetembro Amarelo\u201d, uma campanha brasileira de preven\u00e7\u00e3o ao suic\u00eddio, iniciada em 2015.<\/p>\n<p style=\"font-weight: 400; text-align: justify;\">A caminhada ser\u00e1 direcionada por educadora f\u00edsica do Nasf, conduzindo e orientando a todos que participarem, promovendo alongamentos e outros exerc\u00edcios que tornam a pr\u00e1tica segura e confort\u00e1vel. Participe!<\/p>\n","protected":false},"excerpt":{"rendered":"<p>&nbsp; &nbsp; O N\u00facleo de Apoio \u00e0 Sa\u00fade da Fam\u00edlia (Nasf) vai realizar no dia 25, quarta-feira, uma Caminhada aberta a toda a popula\u00e7\u00e3o lavrense. O ponto de encontro ser\u00e1 na entrada das trilhas das lagoas da Universidade Federal de Lavras (Ufla) \u00e0s 7h30. O tema da caminhada ser\u00e1 o \u201cSetembro Amarelo\u201d, uma campanha brasileira [&hellip;]<\/p>\n","protected":false},"author":7,"featured_media":248806,"comment_status":"closed","ping_status":"closed","sticky":false,"template":"","format":"standard","meta":{"advanced_seo_description":"","jetpack_seo_html_title":"","jetpack_seo_noindex":false,"_jetpack_memberships_contains_paid_content":false,"footnotes":""},"categories":[14,4],"tags":[467,466],"class_list":["post-248805","post","type-post","status-publish","format-standard","has-post-thumbnail","hentry","category-destaques-2","category-lavras","tag-automatico","tag-rascunho"],"jetpack_featured_media_url":"https:\/\/i0.wp.com\/www.lavras24horas.com.br\/portal\/wp-content\/uploads\/2019\/09\/setembroamarelo.png?fit=730%2C456&ssl=1","jetpack_sharing_enabled":true,"jetpack_likes_enabled":true,"_links":{"self":[{"href":"https:\/\/www.lavras24horas.com.br\/portal\/wp-json\/wp\/v2\/posts\/248805","targetHints":{"allow":["GET"]}}],"collection":[{"href":"https:\/\/www.lavras24horas.com.br\/portal\/wp-json\/wp\/v2\/posts"}],"about":[{"href":"https:\/\/www.lavras24horas.com.br\/portal\/wp-json\/wp\/v2\/types\/post"}],"author":[{"embeddable":true,"href":"https:\/\/www.lavras24horas.com.br\/portal\/wp-json\/wp\/v2\/users\/7"}],"replies":[{"embeddable":true,"href":"https:\/\/www.lavras24horas.com.br\/portal\/wp-json\/wp\/v2\/comments?post=248805"}],"version-history":[{"count":1,"href":"https:\/\/www.lavras24horas.com.br\/portal\/wp-json\/wp\/v2\/posts\/248805\/revisions"}],"predecessor-version":[{"id":248807,"href":"https:\/\/www.lavras24horas.com.br\/portal\/wp-json\/wp\/v2\/posts\/248805\/revisions\/248807"}],"wp:featuredmedia":[{"embeddable":true,"href":"https:\/\/www.lavras24horas.com.br\/portal\/wp-json\/wp\/v2\/media\/248806"}],"wp:attachment":[{"href":"https:\/\/www.lavras24horas.com.br\/portal\/wp-json\/wp\/v2\/media?parent=248805"}],"wp:term":[{"taxonomy":"category","embeddable":true,"href":"https:\/\/www.lavras24horas.com.br\/portal\/wp-json\/wp\/v2\/categories?post=248805"},{"taxonomy":"post_tag","embeddable":true,"href":"https:\/\/www.lavras24horas.com.br\/portal\/wp-json\/wp\/v2\/tags?post=248805"}],"curies":[{"name":"wp","href":"https:\/\/api.w.org\/{rel}","templated":true}]}}