{"id":248802,"date":"2019-09-20T15:19:33","date_gmt":"2019-09-20T18:19:33","guid":{"rendered":"https:\/\/www.lavras24horas.com.br\/portal\/?p=248802"},"modified":"2019-09-20T15:19:33","modified_gmt":"2019-09-20T18:19:33","slug":"ufla-dia-internacional-do-microrganismo-e-comemorado-na-escola-estadual-dora-matarazzo","status":"publish","type":"post","link":"https:\/\/www.lavras24horas.com.br\/portal\/ufla-dia-internacional-do-microrganismo-e-comemorado-na-escola-estadual-dora-matarazzo\/","title":{"rendered":"Ufla: Dia Internacional do Microrganismo \u00e9 comemorado na Escola Estadual Dora Matarazzo"},"content":{"rendered":"<p>&nbsp;<\/p>\n<p>&nbsp;<\/p>\n<p style=\"text-align: justify;\">Nesta ter\u00e7a-feira (17\/9), foi comemorado o Dia Internacional do Microrganismo,\u00a0chamando a aten\u00e7\u00e3o para esses seres vivos que desempenham pap\u00e9is essenciais no meio ambiente e at\u00e9 mesmo na nossa sa\u00fade e em nossa qualidade de vida.<br \/>\nPela primeira vez, a data foi celebrada no Brasil e, para n\u00e3o passar em branco, o Programa de P\u00f3s-Gradua\u00e7\u00e3o em Microbiologia Agr\u00edcola da UFLA e os n\u00facleos ligados ao tema realizaram v\u00e1rias atividades interativas com mais de 90 alunos do ensino m\u00e9dio da Escola Estadual Dora Matarazzo, de Lavras.<\/p>\n","protected":false},"excerpt":{"rendered":"<p>&nbsp; &nbsp; Nesta ter\u00e7a-feira (17\/9), foi comemorado o Dia Internacional do Microrganismo,\u00a0chamando a aten\u00e7\u00e3o para esses seres vivos que desempenham pap\u00e9is essenciais no meio ambiente e at\u00e9 mesmo na nossa sa\u00fade e em nossa qualidade de vida. Pela primeira vez, a data foi celebrada no Brasil e, para n\u00e3o passar em branco, o Programa de [&hellip;]<\/p>\n","protected":false},"author":7,"featured_media":248803,"comment_status":"closed","ping_status":"closed","sticky":false,"template":"","format":"standard","meta":{"advanced_seo_description":"","jetpack_seo_html_title":"","jetpack_seo_noindex":false,"_jetpack_memberships_contains_paid_content":false,"footnotes":""},"categories":[13,4],"tags":[467,466],"class_list":["post-248802","post","type-post","status-publish","format-standard","has-post-thumbnail","hentry","category-laterais-1","category-lavras","tag-automatico","tag-rascunho"],"jetpack_featured_media_url":"https:\/\/i0.wp.com\/www.lavras24horas.com.br\/portal\/wp-content\/uploads\/2019\/09\/cientista-concentrada-observar-prato-petri-com-microscopio_13339-270318.jpg?fit=626%2C417&ssl=1","jetpack_sharing_enabled":true,"jetpack_likes_enabled":true,"_links":{"self":[{"href":"https:\/\/www.lavras24horas.com.br\/portal\/wp-json\/wp\/v2\/posts\/248802","targetHints":{"allow":["GET"]}}],"collection":[{"href":"https:\/\/www.lavras24horas.com.br\/portal\/wp-json\/wp\/v2\/posts"}],"about":[{"href":"https:\/\/www.lavras24horas.com.br\/portal\/wp-json\/wp\/v2\/types\/post"}],"author":[{"embeddable":true,"href":"https:\/\/www.lavras24horas.com.br\/portal\/wp-json\/wp\/v2\/users\/7"}],"replies":[{"embeddable":true,"href":"https:\/\/www.lavras24horas.com.br\/portal\/wp-json\/wp\/v2\/comments?post=248802"}],"version-history":[{"count":1,"href":"https:\/\/www.lavras24horas.com.br\/portal\/wp-json\/wp\/v2\/posts\/248802\/revisions"}],"predecessor-version":[{"id":248804,"href":"https:\/\/www.lavras24horas.com.br\/portal\/wp-json\/wp\/v2\/posts\/248802\/revisions\/248804"}],"wp:featuredmedia":[{"embeddable":true,"href":"https:\/\/www.lavras24horas.com.br\/portal\/wp-json\/wp\/v2\/media\/248803"}],"wp:attachment":[{"href":"https:\/\/www.lavras24horas.com.br\/portal\/wp-json\/wp\/v2\/media?parent=248802"}],"wp:term":[{"taxonomy":"category","embeddable":true,"href":"https:\/\/www.lavras24horas.com.br\/portal\/wp-json\/wp\/v2\/categories?post=248802"},{"taxonomy":"post_tag","embeddable":true,"href":"https:\/\/www.lavras24horas.com.br\/portal\/wp-json\/wp\/v2\/tags?post=248802"}],"curies":[{"name":"wp","href":"https:\/\/api.w.org\/{rel}","templated":true}]}}