{"id":248795,"date":"2019-09-20T14:19:28","date_gmt":"2019-09-20T17:19:28","guid":{"rendered":"https:\/\/www.lavras24horas.com.br\/portal\/?p=248795"},"modified":"2019-09-20T14:19:28","modified_gmt":"2019-09-20T17:19:28","slug":"investigacao-do-caso-das-supostas-diarias-indevidas-na-camara-entra-na-fase-tecnica","status":"publish","type":"post","link":"https:\/\/www.lavras24horas.com.br\/portal\/investigacao-do-caso-das-supostas-diarias-indevidas-na-camara-entra-na-fase-tecnica\/","title":{"rendered":"Investiga\u00e7\u00e3o do caso das supostas di\u00e1rias indevidas na C\u00e2mara entra na fase t\u00e9cnica"},"content":{"rendered":"<p>&nbsp;<\/p>\n<p>&nbsp;<\/p>\n<p style=\"text-align: justify;\">Lavras \u2013 O caso das supostas irregularidades no uso de di\u00e1rias de viagem de alguns integrantes da C\u00e2mara Municipal s\u00e3o motivos de investiga\u00e7\u00e3o na Pol\u00edcia Civil. O caso ficou conhecido como a \u201cfarra das di\u00e1rias\u201d.<\/p>\n<p style=\"text-align: justify;\">As den\u00fancias feitas pelo vereador Coronel Claret foram analisadas no \u00e2mbito interno do Legislativo impulsionados pela Comiss\u00e3o de \u00c9tica, que produziu um relat\u00f3rio circunstanciado, que hoje \u00e9 objeto de inqu\u00e9rito policial, onde est\u00e3o sendo apuradas as den\u00fancias de todos os fatos.<\/p>\n<p style=\"text-align: justify;\">Em entrevista ao jornal <strong>Lavras 24hs<\/strong>, o delegado respons\u00e1vel pela investiga\u00e7\u00e3o do caso, Dr. Alexandre Rezende de Vieira, informou que intimou v\u00e1rios envolvidos, testemunhas, entre outros, para prestarem depoimentos importantes na fase inicial do inqu\u00e9rito, que agora est\u00e1 na fase t\u00e9cnica.<\/p>\n<p style=\"text-align: justify;\">Diante disso, a investiga\u00e7\u00e3o agora se encontra em novo procedimento, est\u00e1 ocorrendo em sigilo de investiga\u00e7\u00e3o. Esta fase demanda tamb\u00e9m de relat\u00f3rios cont\u00e1beis e administrativos, que j\u00e1 foram requisitados aos setores competentes da C\u00e2mara.<\/p>\n<p style=\"text-align: justify;\">Dr. Alexandre Rezende de Vieira afirmou que a Delegacia de Pol\u00edcia Civil, atrav\u00e9s dos profissionais encarregados desse inqu\u00e9rito, est\u00e1 empenhada em esclarecer os fatos dentro do processo legal, e que ser\u00e3o observados o interesse p\u00fablico, princ\u00edpio da moralidade, efici\u00eancia e economicidade, comprova\u00e7\u00e3o de objetivos, e se houve\u00a0 improbidade e irregularidades.<\/p>\n<p style=\"text-align: justify;\">\n","protected":false},"excerpt":{"rendered":"<p>&nbsp; &nbsp; Lavras \u2013 O caso das supostas irregularidades no uso de di\u00e1rias de viagem de alguns integrantes da C\u00e2mara Municipal s\u00e3o motivos de investiga\u00e7\u00e3o na Pol\u00edcia Civil. O caso ficou conhecido como a \u201cfarra das di\u00e1rias\u201d. As den\u00fancias feitas pelo vereador Coronel Claret foram analisadas no \u00e2mbito interno do Legislativo impulsionados pela Comiss\u00e3o de [&hellip;]<\/p>\n","protected":false},"author":7,"featured_media":248796,"comment_status":"closed","ping_status":"closed","sticky":false,"template":"","format":"standard","meta":{"advanced_seo_description":"","jetpack_seo_html_title":"","jetpack_seo_noindex":false,"_jetpack_memberships_contains_paid_content":false,"footnotes":""},"categories":[13077,4],"tags":[467,466],"class_list":["post-248795","post","type-post","status-publish","format-standard","has-post-thumbnail","hentry","category-laterais-2","category-lavras","tag-automatico","tag-rascunho"],"jetpack_featured_media_url":"https:\/\/i0.wp.com\/www.lavras24horas.com.br\/portal\/wp-content\/uploads\/2019\/09\/delegacia-lavras.jpg?fit=500%2C323&ssl=1","jetpack_sharing_enabled":true,"jetpack_likes_enabled":true,"_links":{"self":[{"href":"https:\/\/www.lavras24horas.com.br\/portal\/wp-json\/wp\/v2\/posts\/248795","targetHints":{"allow":["GET"]}}],"collection":[{"href":"https:\/\/www.lavras24horas.com.br\/portal\/wp-json\/wp\/v2\/posts"}],"about":[{"href":"https:\/\/www.lavras24horas.com.br\/portal\/wp-json\/wp\/v2\/types\/post"}],"author":[{"embeddable":true,"href":"https:\/\/www.lavras24horas.com.br\/portal\/wp-json\/wp\/v2\/users\/7"}],"replies":[{"embeddable":true,"href":"https:\/\/www.lavras24horas.com.br\/portal\/wp-json\/wp\/v2\/comments?post=248795"}],"version-history":[{"count":1,"href":"https:\/\/www.lavras24horas.com.br\/portal\/wp-json\/wp\/v2\/posts\/248795\/revisions"}],"predecessor-version":[{"id":248797,"href":"https:\/\/www.lavras24horas.com.br\/portal\/wp-json\/wp\/v2\/posts\/248795\/revisions\/248797"}],"wp:featuredmedia":[{"embeddable":true,"href":"https:\/\/www.lavras24horas.com.br\/portal\/wp-json\/wp\/v2\/media\/248796"}],"wp:attachment":[{"href":"https:\/\/www.lavras24horas.com.br\/portal\/wp-json\/wp\/v2\/media?parent=248795"}],"wp:term":[{"taxonomy":"category","embeddable":true,"href":"https:\/\/www.lavras24horas.com.br\/portal\/wp-json\/wp\/v2\/categories?post=248795"},{"taxonomy":"post_tag","embeddable":true,"href":"https:\/\/www.lavras24horas.com.br\/portal\/wp-json\/wp\/v2\/tags?post=248795"}],"curies":[{"name":"wp","href":"https:\/\/api.w.org\/{rel}","templated":true}]}}