{"id":248782,"date":"2019-09-19T15:01:29","date_gmt":"2019-09-19T18:01:29","guid":{"rendered":"https:\/\/www.lavras24horas.com.br\/portal\/?p=248782"},"modified":"2019-09-19T21:07:42","modified_gmt":"2019-09-20T00:07:42","slug":"feminicidio-jovem-e-morta-com-um-tiro-no-bairro-vila-rica-em-lavras","status":"publish","type":"post","link":"https:\/\/www.lavras24horas.com.br\/portal\/feminicidio-jovem-e-morta-com-um-tiro-no-bairro-vila-rica-em-lavras\/","title":{"rendered":"Feminic\u00eddio: Jovem \u00e9 morta com um tiro no bairro Vila Rica em Lavras"},"content":{"rendered":"<p style=\"text-align: justify;\">\n<p style=\"text-align: justify;\">\n<p style=\"text-align: justify;\">Uma jovem foi morta com um tiro desferido na cabe\u00e7a na manh\u00e3 desta quinta-feira, dia 19, no bairro Vila Rica, em Lavras.<\/p>\n<p style=\"text-align: justify;\">A equipe da Pol\u00edcia Civil, liderada pela delegada Ana Paula Santana de Rezende Arruda, compareceu ao local dos fatos e identificou a v\u00edtima como sendo Let\u00edcia de Paula Pereira Santos, de 19 anos.<\/p>\n<p style=\"text-align: justify;\">O suspeito de praticar o crime, de 26 anos, \u00e9 servente de pedreiro afastado pelo INSS. A delegada informou que v\u00edtima e autor eram usu\u00e1rios de drogas e tinham passado a se relacionar nas \u00faltimas semanas, sendo o relacionamento recente.<\/p>\n<p style=\"text-align: justify;\">Dra, Ana Paula informou que a motiva\u00e7\u00e3o do crime ainda est\u00e1 em investiga\u00e7\u00e3o. O suspeito de praticar o crime j\u00e1 possu\u00eda passagem por homic\u00eddio qualificado, em 2014, e estupro, em 2012. Ele foi preso na tarde de hoje.<\/p>\n<p style=\"text-align: justify;\">At\u00e9 o momento foram registradas 225 medidas protetivas 225 voltadas para as mulheres que sofreram viol\u00eancia familiar e dom\u00e9stica na cidade. Em todo o ano passado, foram registradas 245 delas.<\/p>\n<p style=\"text-align: justify;\">A medida protetiva, nesse caso, \u00e9 solicitada pela v\u00edtima e expedida pela justi\u00e7a em car\u00e1ter emergencial. Ela obriga determinadas condutas por parte do agressor: proibi\u00e7\u00e3o de aproximar-se da v\u00edtima, de seus filhos, parentes e at\u00e9 mesmo, testemunhas; proibi\u00e7\u00e3o de contato com a mulher, inclusive por meio de telefone ou redes sociais; restri\u00e7\u00e3o ou at\u00e9 mesmo suspens\u00e3o do direito de visita\u00e7\u00e3o aos filhos; pagar pens\u00e3o aliment\u00edcia para a mulher &#8211; em caso de haver depend\u00eancia financeira desta em rela\u00e7\u00e3o ao agressor; restri\u00e7\u00e3o do porte de armas.<\/p>\n","protected":false},"excerpt":{"rendered":"<p>Uma jovem foi morta com um tiro desferido na cabe\u00e7a na manh\u00e3 desta quinta-feira, dia 19, no bairro Vila Rica, em Lavras. A equipe da Pol\u00edcia Civil, liderada pela delegada Ana Paula Santana de Rezende Arruda, compareceu ao local dos fatos e identificou a v\u00edtima como sendo Let\u00edcia de Paula Pereira Santos, de 19 anos. [&hellip;]<\/p>\n","protected":false},"author":7,"featured_media":248783,"comment_status":"closed","ping_status":"closed","sticky":false,"template":"","format":"standard","meta":{"advanced_seo_description":"","jetpack_seo_html_title":"","jetpack_seo_noindex":false,"_jetpack_memberships_contains_paid_content":false,"footnotes":""},"categories":[14,4],"tags":[467,466],"class_list":["post-248782","post","type-post","status-publish","format-standard","has-post-thumbnail","hentry","category-destaques-2","category-lavras","tag-automatico","tag-rascunho"],"jetpack_featured_media_url":"https:\/\/i0.wp.com\/www.lavras24horas.com.br\/portal\/wp-content\/uploads\/2019\/09\/10834512_604185069708400_1640623879_o.jpg?fit=500%2C330&ssl=1","jetpack_sharing_enabled":true,"jetpack_likes_enabled":true,"_links":{"self":[{"href":"https:\/\/www.lavras24horas.com.br\/portal\/wp-json\/wp\/v2\/posts\/248782","targetHints":{"allow":["GET"]}}],"collection":[{"href":"https:\/\/www.lavras24horas.com.br\/portal\/wp-json\/wp\/v2\/posts"}],"about":[{"href":"https:\/\/www.lavras24horas.com.br\/portal\/wp-json\/wp\/v2\/types\/post"}],"author":[{"embeddable":true,"href":"https:\/\/www.lavras24horas.com.br\/portal\/wp-json\/wp\/v2\/users\/7"}],"replies":[{"embeddable":true,"href":"https:\/\/www.lavras24horas.com.br\/portal\/wp-json\/wp\/v2\/comments?post=248782"}],"version-history":[{"count":2,"href":"https:\/\/www.lavras24horas.com.br\/portal\/wp-json\/wp\/v2\/posts\/248782\/revisions"}],"predecessor-version":[{"id":248789,"href":"https:\/\/www.lavras24horas.com.br\/portal\/wp-json\/wp\/v2\/posts\/248782\/revisions\/248789"}],"wp:featuredmedia":[{"embeddable":true,"href":"https:\/\/www.lavras24horas.com.br\/portal\/wp-json\/wp\/v2\/media\/248783"}],"wp:attachment":[{"href":"https:\/\/www.lavras24horas.com.br\/portal\/wp-json\/wp\/v2\/media?parent=248782"}],"wp:term":[{"taxonomy":"category","embeddable":true,"href":"https:\/\/www.lavras24horas.com.br\/portal\/wp-json\/wp\/v2\/categories?post=248782"},{"taxonomy":"post_tag","embeddable":true,"href":"https:\/\/www.lavras24horas.com.br\/portal\/wp-json\/wp\/v2\/tags?post=248782"}],"curies":[{"name":"wp","href":"https:\/\/api.w.org\/{rel}","templated":true}]}}