{"id":248779,"date":"2019-09-20T07:00:43","date_gmt":"2019-09-20T10:00:43","guid":{"rendered":"https:\/\/www.lavras24horas.com.br\/portal\/?p=248779"},"modified":"2019-09-19T14:33:42","modified_gmt":"2019-09-19T17:33:42","slug":"comeca-o-pagamento-do-pis-pasep-aos-nascidos-em-setembro","status":"publish","type":"post","link":"https:\/\/www.lavras24horas.com.br\/portal\/comeca-o-pagamento-do-pis-pasep-aos-nascidos-em-setembro\/","title":{"rendered":"Come\u00e7a o pagamento do PIS\/PASEP aos nascidos em setembro"},"content":{"rendered":"<p>&nbsp;<\/p>\n<p>&nbsp;<\/p>\n<p style=\"text-align: justify;\">A Caixa come\u00e7ou a pagar nesta quinta-feira (19) o abono salarial do Programa de Integra\u00e7\u00e3o Social (PIS) para os trabalhadores nascidos em setembro com direito ao benef\u00edcio. Para quem tem conta no banco, o dep\u00f3sito foi feito automaticamente na ter\u00e7a-feira (17).<\/p>\n<p style=\"text-align: justify;\">No caso dos servidores p\u00fablicos, o pagamento do abono salarial do Programa de Forma\u00e7\u00e3o do Patrim\u00f4nio do Servidor P\u00fablico (Pasep) \u00e9 feito pelo Banco do Brasil (BB). Recebem\u00a0o benef\u00edcio este m\u00eas os cadastrados com final de inscri\u00e7\u00e3o 2.<\/p>\n<p style=\"text-align: justify;\"><strong>Quem pode sacar o benef\u00edcio<\/strong><\/p>\n<p style=\"text-align: justify;\">Tem direito ao abono as pessoas cadastradas no PIS\/Pasep h\u00e1, pelo menos, cinco anos e que tenham trabalhado com carteira assinada em 2018 por, no m\u00ednimo, 30 dias, com remunera\u00e7\u00e3o salarial at\u00e9 dois sal\u00e1rios m\u00ednimos, em m\u00e9dia.<\/p>\n<p style=\"text-align: justify;\">\u00c9 preciso, tamb\u00e9m, que o empregador tenha informado corretamente os dados do trabalhador na Rela\u00e7\u00e3o Anual de Informa\u00e7\u00f5es Sociais (Rais) de 2018, entregue ao governo federal.<\/p>\n<p style=\"text-align: justify;\">O Abono Salarial estar\u00e1 dispon\u00edvel para saque at\u00e9 30 de junho de 2020.<\/p>\n<p>&nbsp;<\/p>\n<p><strong>Fonte: Ag\u00eancia Brasil\u00a0\u00a0<\/strong><\/p>\n","protected":false},"excerpt":{"rendered":"<p>&nbsp; &nbsp; A Caixa come\u00e7ou a pagar nesta quinta-feira (19) o abono salarial do Programa de Integra\u00e7\u00e3o Social (PIS) para os trabalhadores nascidos em setembro com direito ao benef\u00edcio. Para quem tem conta no banco, o dep\u00f3sito foi feito automaticamente na ter\u00e7a-feira (17). No caso dos servidores p\u00fablicos, o pagamento do abono salarial do Programa [&hellip;]<\/p>\n","protected":false},"author":7,"featured_media":248780,"comment_status":"closed","ping_status":"closed","sticky":false,"template":"","format":"standard","meta":{"advanced_seo_description":"","jetpack_seo_html_title":"","jetpack_seo_noindex":false,"_jetpack_memberships_contains_paid_content":false,"footnotes":""},"categories":[12,4],"tags":[467,466],"class_list":["post-248779","post","type-post","status-publish","format-standard","has-post-thumbnail","hentry","category-destaques-1","category-lavras","tag-automatico","tag-rascunho"],"jetpack_featured_media_url":"https:\/\/i0.wp.com\/www.lavras24horas.com.br\/portal\/wp-content\/uploads\/2019\/09\/pis-pasep.jpg?fit=500%2C333&ssl=1","jetpack_sharing_enabled":true,"jetpack_likes_enabled":true,"_links":{"self":[{"href":"https:\/\/www.lavras24horas.com.br\/portal\/wp-json\/wp\/v2\/posts\/248779","targetHints":{"allow":["GET"]}}],"collection":[{"href":"https:\/\/www.lavras24horas.com.br\/portal\/wp-json\/wp\/v2\/posts"}],"about":[{"href":"https:\/\/www.lavras24horas.com.br\/portal\/wp-json\/wp\/v2\/types\/post"}],"author":[{"embeddable":true,"href":"https:\/\/www.lavras24horas.com.br\/portal\/wp-json\/wp\/v2\/users\/7"}],"replies":[{"embeddable":true,"href":"https:\/\/www.lavras24horas.com.br\/portal\/wp-json\/wp\/v2\/comments?post=248779"}],"version-history":[{"count":1,"href":"https:\/\/www.lavras24horas.com.br\/portal\/wp-json\/wp\/v2\/posts\/248779\/revisions"}],"predecessor-version":[{"id":248781,"href":"https:\/\/www.lavras24horas.com.br\/portal\/wp-json\/wp\/v2\/posts\/248779\/revisions\/248781"}],"wp:featuredmedia":[{"embeddable":true,"href":"https:\/\/www.lavras24horas.com.br\/portal\/wp-json\/wp\/v2\/media\/248780"}],"wp:attachment":[{"href":"https:\/\/www.lavras24horas.com.br\/portal\/wp-json\/wp\/v2\/media?parent=248779"}],"wp:term":[{"taxonomy":"category","embeddable":true,"href":"https:\/\/www.lavras24horas.com.br\/portal\/wp-json\/wp\/v2\/categories?post=248779"},{"taxonomy":"post_tag","embeddable":true,"href":"https:\/\/www.lavras24horas.com.br\/portal\/wp-json\/wp\/v2\/tags?post=248779"}],"curies":[{"name":"wp","href":"https:\/\/api.w.org\/{rel}","templated":true}]}}