{"id":248766,"date":"2019-09-20T07:00:23","date_gmt":"2019-09-20T10:00:23","guid":{"rendered":"https:\/\/www.lavras24horas.com.br\/portal\/?p=248766"},"modified":"2019-09-19T13:32:58","modified_gmt":"2019-09-19T16:32:58","slug":"veja-os-cursos-gratuitos-do-senar-de-lavras","status":"publish","type":"post","link":"https:\/\/www.lavras24horas.com.br\/portal\/veja-os-cursos-gratuitos-do-senar-de-lavras\/","title":{"rendered":"Veja os Cursos gratuitos do Senar de Lavras"},"content":{"rendered":"<p>&nbsp;<\/p>\n<p>&nbsp;<\/p>\n<p style=\"font-weight: 400; text-align: center;\"><strong><em>AGENDA \u2013 23\/09 a 29\/09\/2019<\/em><\/strong><\/p>\n<p style=\"font-weight: 400; text-align: center;\"><strong><em>Programa\u00e7\u00e3o de Treinamentos do Escrit\u00f3rio Senar\/MG &#8211; Regional Lavras<\/em><\/strong><\/p>\n<p style=\"font-weight: 400; text-align: center;\"><strong><em><u>FORMA\u00c7\u00c3O PROFISSIONAL RURAL<\/u><\/em><\/strong><\/p>\n<p style=\"font-weight: 400; text-align: center;\">\n<p style=\"font-weight: 400; text-align: justify;\"><strong>CURSO DE CAF\u00c9 \/ PODA MANUAL<\/strong><\/p>\n<p style=\"font-weight: 400; text-align: justify;\">Data: 25\/09 a 26\/09\/2019<\/p>\n<p style=\"font-weight: 400; text-align: justify;\">Contato: Sindicato dos Produtores Rurais de Jacutinga \u2013 Tel.: (35) 3443-1223<\/p>\n<p style=\"font-weight: 400; text-align: justify;\">\n<p style=\"font-weight: 400;\"><strong><em><u>PROMO\u00c7\u00c3O SOCIAL<\/u><\/em><\/strong><\/p>\n<p style=\"font-weight: 400;\"><strong><em><u>\u00a0<\/u><\/em><\/strong><\/p>\n<p style=\"font-weight: 400;\"><strong>ALIMENTA\u00c7\u00c3O MATERNO-INFANTIL<\/strong><\/p>\n<p style=\"font-weight: 400;\">Data: 23\/09 a 27\/09\/2019<\/p>\n<p style=\"font-weight: 400;\">Contato: Sindicato dos Produtores Rurais de Candeias \u2013 Tel.: (35) 3833-1479<\/p>\n<p style=\"font-weight: 400;\">\n<p style=\"font-weight: 400;\"><strong>PREVEN\u00c7\u00c3O DE ACIDENTES<\/strong><\/p>\n<p style=\"font-weight: 400;\">Data: 23\/09 a 26\/09\/2019<\/p>\n<p style=\"font-weight: 400;\">Contato: Sindicato dos Produtores Rurais de Heliodora \u2013 Tel.: (35) 99865-9215<\/p>\n<p style=\"font-weight: 400;\">Contato: Sindicato dos Produtores Rurais de Bom Sucesso \u2013 Tel.: (35) 3841-1147<\/p>\n<p style=\"font-weight: 400;\">\n<p style=\"font-weight: 400;\"><strong>PRODU\u00c7\u00c3O ARTESANAL DE ALIMENTOS<\/strong><\/p>\n<p style=\"font-weight: 400;\">Data: 23\/09 a 27\/09\/2019<\/p>\n<p style=\"font-weight: 400;\">Contato: Sindicato dos Produtores Rurais de Concei\u00e7\u00e3o do Rio Verde \u2013 Tel.: (35) 3335-1066<\/p>\n<p style=\"font-weight: 400;\">\n<p style=\"font-weight: 400;\"><strong>PRODU\u00c7\u00c3O ARTESANAL DE DOCE DE LEITE<\/strong><\/p>\n<p style=\"font-weight: 400;\">Data: 23\/09 a 25\/09\/2019<\/p>\n<p style=\"font-weight: 400;\">Contato: Cooperativa dos Morangueiros Pantanense \/ Pouso Alegre \u2013 Tel.: (35) 3427-1073<\/p>\n<p style=\"font-weight: 400;\">\n<p style=\"font-weight: 400;\"><strong>PRODU\u00c7\u00c3O ARTESANAL DE SALGADOS E DOCES DE FESTA<\/strong><\/p>\n<p style=\"font-weight: 400;\">Data: 23\/09 a 25\/09\/2019; 23\/09 a 27\/09\/2019; 26\/09 a 28\/09\/2019<\/p>\n<p style=\"font-weight: 400;\">Contato: AGRIFAM \/ Nat\u00e9rcia \u2013 Tel.: (35) 99827-9347<\/p>\n<p style=\"font-weight: 400;\">Contato: Sindicato dos Produtores Rurais de Candeias \u2013 Tel.: (35) 3833-1479<\/p>\n<p style=\"font-weight: 400;\">\n<p style=\"font-weight: 400;\"><strong>SA\u00daDE DA MULHER<\/strong><\/p>\n<p style=\"font-weight: 400;\">Data: 23\/09 a 25\/09\/2019<\/p>\n<p style=\"font-weight: 400;\">Contato: Sindicato dos Produtores Rurais de Perd\u00f5es \u2013 Tel.: (35) 3864-7242<\/p>\n<p style=\"font-weight: 400;\">\n<p style=\"font-weight: 400;\"><strong>SA\u00daDE NA TERCEIRA IDADE<\/strong><\/p>\n<p style=\"font-weight: 400;\">Data: 26\/09 a 28\/09\/2019<\/p>\n<p style=\"font-weight: 400;\">Contato: Sindicato dos Produtores Rurais de Perd\u00f5es \u2013 Tel.: (35) 3864-7242<\/p>\n<p style=\"font-weight: 400;\">\n<p style=\"font-weight: 400;\"><strong>SEXUALIDADE E PREVEN\u00c7\u00c3O \/ 12 A 14 ANOS<\/strong><\/p>\n<p style=\"font-weight: 400;\">Data: 25\/09 a 27\/09\/2019<\/p>\n<p style=\"font-weight: 400;\">Contato: Sindicato dos Produtores Rurais de Pedralva \u2013 Tel.: (35) 3663-1100<\/p>\n<p style=\"font-weight: 400;\">\n<p style=\"font-weight: 400;\"><strong>SOS PRIMEIROS SOCORROS NAS ESCOLAS<\/strong><\/p>\n<p style=\"font-weight: 400;\">Data: 23\/09\/2019; 24\/09\/2019 e 27\/09\/2019<\/p>\n<p style=\"font-weight: 400;\">Contato: Sindicato dos Produtores Rurais de Lambari \u2013 Tel.: (35) 3271-6505<\/p>\n<p style=\"font-weight: 400;\">Contato: Sindicato dos Produtores Rurais de Perd\u00f5es \u2013 Tel.: (35) 3864-7242<\/p>\n","protected":false},"excerpt":{"rendered":"<p>&nbsp; &nbsp; AGENDA \u2013 23\/09 a 29\/09\/2019 Programa\u00e7\u00e3o de Treinamentos do Escrit\u00f3rio Senar\/MG &#8211; Regional Lavras FORMA\u00c7\u00c3O PROFISSIONAL RURAL CURSO DE CAF\u00c9 \/ PODA MANUAL Data: 25\/09 a 26\/09\/2019 Contato: Sindicato dos Produtores Rurais de Jacutinga \u2013 Tel.: (35) 3443-1223 PROMO\u00c7\u00c3O SOCIAL \u00a0 ALIMENTA\u00c7\u00c3O MATERNO-INFANTIL Data: 23\/09 a 27\/09\/2019 Contato: Sindicato dos Produtores Rurais de [&hellip;]<\/p>\n","protected":false},"author":7,"featured_media":248142,"comment_status":"closed","ping_status":"closed","sticky":false,"template":"","format":"standard","meta":{"advanced_seo_description":"","jetpack_seo_html_title":"","jetpack_seo_noindex":false,"_jetpack_memberships_contains_paid_content":false,"footnotes":""},"categories":[14,4],"tags":[467,466],"class_list":["post-248766","post","type-post","status-publish","format-standard","has-post-thumbnail","hentry","category-destaques-2","category-lavras","tag-automatico","tag-rascunho"],"jetpack_featured_media_url":"https:\/\/i0.wp.com\/www.lavras24horas.com.br\/portal\/wp-content\/uploads\/2019\/09\/1.jpg?fit=600%2C399&ssl=1","jetpack_sharing_enabled":true,"jetpack_likes_enabled":true,"_links":{"self":[{"href":"https:\/\/www.lavras24horas.com.br\/portal\/wp-json\/wp\/v2\/posts\/248766","targetHints":{"allow":["GET"]}}],"collection":[{"href":"https:\/\/www.lavras24horas.com.br\/portal\/wp-json\/wp\/v2\/posts"}],"about":[{"href":"https:\/\/www.lavras24horas.com.br\/portal\/wp-json\/wp\/v2\/types\/post"}],"author":[{"embeddable":true,"href":"https:\/\/www.lavras24horas.com.br\/portal\/wp-json\/wp\/v2\/users\/7"}],"replies":[{"embeddable":true,"href":"https:\/\/www.lavras24horas.com.br\/portal\/wp-json\/wp\/v2\/comments?post=248766"}],"version-history":[{"count":1,"href":"https:\/\/www.lavras24horas.com.br\/portal\/wp-json\/wp\/v2\/posts\/248766\/revisions"}],"predecessor-version":[{"id":248767,"href":"https:\/\/www.lavras24horas.com.br\/portal\/wp-json\/wp\/v2\/posts\/248766\/revisions\/248767"}],"wp:featuredmedia":[{"embeddable":true,"href":"https:\/\/www.lavras24horas.com.br\/portal\/wp-json\/wp\/v2\/media\/248142"}],"wp:attachment":[{"href":"https:\/\/www.lavras24horas.com.br\/portal\/wp-json\/wp\/v2\/media?parent=248766"}],"wp:term":[{"taxonomy":"category","embeddable":true,"href":"https:\/\/www.lavras24horas.com.br\/portal\/wp-json\/wp\/v2\/categories?post=248766"},{"taxonomy":"post_tag","embeddable":true,"href":"https:\/\/www.lavras24horas.com.br\/portal\/wp-json\/wp\/v2\/tags?post=248766"}],"curies":[{"name":"wp","href":"https:\/\/api.w.org\/{rel}","templated":true}]}}