{"id":248759,"date":"2019-09-19T13:10:55","date_gmt":"2019-09-19T16:10:55","guid":{"rendered":"https:\/\/www.lavras24horas.com.br\/portal\/?p=248759"},"modified":"2019-09-19T13:28:03","modified_gmt":"2019-09-19T16:28:03","slug":"stf-decidiu-que-nao-se-pode-impedir-atuacao-de-motoristas-de-aplicativo","status":"publish","type":"post","link":"https:\/\/www.lavras24horas.com.br\/portal\/stf-decidiu-que-nao-se-pode-impedir-atuacao-de-motoristas-de-aplicativo\/","title":{"rendered":"STF decidiu que n\u00e3o se pode impedir atua\u00e7\u00e3o de motoristas de aplicativo"},"content":{"rendered":"<p style=\"text-align: justify;\">O Supremo Tribunal Federal (STF) decidiu no \u00faltimo m\u00eas de maio que \u00e9 inconstitucional proibir a atua\u00e7\u00e3o dos motoristas particulares dos aplicativos Uber, Cabify e 99.<\/p>\n<p style=\"text-align: justify;\">Por unanimidade, com base no princ\u00edpio constitucional da livre concorr\u00eancia, a Corte decidiu que os munic\u00edpios podem fiscalizar o servi\u00e7o, mas n\u00e3o podem proibir a circula\u00e7\u00e3o ou estabelecer medidas para restringir a atua\u00e7\u00e3o.<\/p>\n<p style=\"text-align: justify;\">Ficou decidido tamb\u00e9m que proibir as empresas de atuar como intermedi\u00e1rias de transporte seria viola\u00e7\u00e3o da liberdade profissional e da livre concorr\u00eancia, j\u00e1 que ve\u00edculos particulares fazem o servi\u00e7o oferecido.<\/p>\n<p style=\"text-align: justify;\">Em um dos votos, o Ministro Ricardo Lewandowski afirmou que \u201cas leis municipais contestadas no STF podem se referir apenas a t\u00e1xis, n\u00e3o incluindo aplicativos, porque s\u00e3o transporte privado\u201d. Esse tipo de transporte n\u00e3o se pode qualificar como servi\u00e7o p\u00fablico.<\/p>\n<p style=\"text-align: justify;\">Lavras conta com um aplicativo de servi\u00e7o de mototaxi, o \u201cVamos J\u00c1\u201d &#8211; que se trata de intermedia\u00e7\u00e3o em transporte particular, mas por diversas circunst\u00e2ncias, ainda n\u00e3o pode ser colocado em pr\u00e1tica. Segundo o dono do aplicativo e advogado, Vin\u00edcius Alves Tavares, al\u00e9m de n\u00e3o regulamentar a atividade, por concess\u00e3o semelhante a dos taxistas, o munic\u00edpio\u00a0 \u201cmant\u00e9m a popula\u00e7\u00e3o e os profissionais em incertezas\u201d.<\/p>\n","protected":false},"excerpt":{"rendered":"<p>O Supremo Tribunal Federal (STF) decidiu no \u00faltimo m\u00eas de maio que \u00e9 inconstitucional proibir a atua\u00e7\u00e3o dos motoristas particulares dos aplicativos Uber, Cabify e 99. Por unanimidade, com base no princ\u00edpio constitucional da livre concorr\u00eancia, a Corte decidiu que os munic\u00edpios podem fiscalizar o servi\u00e7o, mas n\u00e3o podem proibir a circula\u00e7\u00e3o ou estabelecer medidas [&hellip;]<\/p>\n","protected":false},"author":7,"featured_media":248760,"comment_status":"closed","ping_status":"closed","sticky":false,"template":"","format":"standard","meta":{"advanced_seo_description":"","jetpack_seo_html_title":"","jetpack_seo_noindex":false,"_jetpack_memberships_contains_paid_content":false,"footnotes":""},"categories":[12,4],"tags":[467,466],"class_list":["post-248759","post","type-post","status-publish","format-standard","has-post-thumbnail","hentry","category-destaques-1","category-lavras","tag-automatico","tag-rascunho"],"jetpack_featured_media_url":"https:\/\/i0.wp.com\/www.lavras24horas.com.br\/portal\/wp-content\/uploads\/2019\/09\/mp-exige-que-seja-aberta-licitacao-para-servico-de-mototaxi-em-goiania-e1556029672906.jpg?fit=600%2C406&ssl=1","jetpack_sharing_enabled":true,"jetpack_likes_enabled":true,"_links":{"self":[{"href":"https:\/\/www.lavras24horas.com.br\/portal\/wp-json\/wp\/v2\/posts\/248759","targetHints":{"allow":["GET"]}}],"collection":[{"href":"https:\/\/www.lavras24horas.com.br\/portal\/wp-json\/wp\/v2\/posts"}],"about":[{"href":"https:\/\/www.lavras24horas.com.br\/portal\/wp-json\/wp\/v2\/types\/post"}],"author":[{"embeddable":true,"href":"https:\/\/www.lavras24horas.com.br\/portal\/wp-json\/wp\/v2\/users\/7"}],"replies":[{"embeddable":true,"href":"https:\/\/www.lavras24horas.com.br\/portal\/wp-json\/wp\/v2\/comments?post=248759"}],"version-history":[{"count":4,"href":"https:\/\/www.lavras24horas.com.br\/portal\/wp-json\/wp\/v2\/posts\/248759\/revisions"}],"predecessor-version":[{"id":248765,"href":"https:\/\/www.lavras24horas.com.br\/portal\/wp-json\/wp\/v2\/posts\/248759\/revisions\/248765"}],"wp:featuredmedia":[{"embeddable":true,"href":"https:\/\/www.lavras24horas.com.br\/portal\/wp-json\/wp\/v2\/media\/248760"}],"wp:attachment":[{"href":"https:\/\/www.lavras24horas.com.br\/portal\/wp-json\/wp\/v2\/media?parent=248759"}],"wp:term":[{"taxonomy":"category","embeddable":true,"href":"https:\/\/www.lavras24horas.com.br\/portal\/wp-json\/wp\/v2\/categories?post=248759"},{"taxonomy":"post_tag","embeddable":true,"href":"https:\/\/www.lavras24horas.com.br\/portal\/wp-json\/wp\/v2\/tags?post=248759"}],"curies":[{"name":"wp","href":"https:\/\/api.w.org\/{rel}","templated":true}]}}