{"id":248739,"date":"2019-09-18T16:42:43","date_gmt":"2019-09-18T19:42:43","guid":{"rendered":"https:\/\/www.lavras24horas.com.br\/portal\/?p=248739"},"modified":"2019-09-18T16:42:43","modified_gmt":"2019-09-18T19:42:43","slug":"bispo-publica-decretos-sobre-fogos-e-bebidas-alcoolicas-em-eventos-na-diocese","status":"publish","type":"post","link":"https:\/\/www.lavras24horas.com.br\/portal\/bispo-publica-decretos-sobre-fogos-e-bebidas-alcoolicas-em-eventos-na-diocese\/","title":{"rendered":"Bispo publica decretos sobre fogos e bebidas alco\u00f3licas em eventos na Diocese"},"content":{"rendered":"<p>&nbsp;<\/p>\n<p>&nbsp;<\/p>\n<p>Na manh\u00e3 desta quarta-feira, 18, o bispo diocesano de S\u00e3o Jo\u00e3o del-Rei, Dom Jos\u00e9 Eudes Campos do Nascimento, se reuniu com os membros do Conselho Presbiteral e Col\u00e9gio de Consultores para a elabora\u00e7\u00e3o e publica\u00e7\u00e3o de um decreto sobre a queima de fogos de artif\u00edcios e a venda de bebidas alco\u00f3licas em eventos e festas religiosas da Diocese. No documento, o bispo explica de forma detalhada e apresenta diversos argumentos. Confira na \u00edntegra:<\/p>\n<p><img data-recalc-dims=\"1\" fetchpriority=\"high\" decoding=\"async\" data-attachment-id=\"248740\" data-permalink=\"https:\/\/www.lavras24horas.com.br\/portal\/bispo-publica-decretos-sobre-fogos-e-bebidas-alcoolicas-em-eventos-na-diocese\/documento-oficial\/\" data-orig-file=\"https:\/\/i0.wp.com\/www.lavras24horas.com.br\/portal\/wp-content\/uploads\/2019\/09\/DOCUMENTO-OFICIAL.jpg?fit=523%2C2048&amp;ssl=1\" data-orig-size=\"523,2048\" data-comments-opened=\"0\" data-image-meta=\"{&quot;aperture&quot;:&quot;0&quot;,&quot;credit&quot;:&quot;&quot;,&quot;camera&quot;:&quot;&quot;,&quot;caption&quot;:&quot;&quot;,&quot;created_timestamp&quot;:&quot;0&quot;,&quot;copyright&quot;:&quot;&quot;,&quot;focal_length&quot;:&quot;0&quot;,&quot;iso&quot;:&quot;0&quot;,&quot;shutter_speed&quot;:&quot;0&quot;,&quot;title&quot;:&quot;&quot;,&quot;orientation&quot;:&quot;0&quot;}\" data-image-title=\"DOCUMENTO-OFICIAL\" data-image-description=\"\" data-image-caption=\"\" data-large-file=\"https:\/\/i0.wp.com\/www.lavras24horas.com.br\/portal\/wp-content\/uploads\/2019\/09\/DOCUMENTO-OFICIAL.jpg?fit=84%2C330&amp;ssl=1\" class=\"aligncenter wp-image-248740 size-full\" src=\"https:\/\/i0.wp.com\/www.lavras24horas.com.br\/portal\/wp-content\/uploads\/2019\/09\/DOCUMENTO-OFICIAL.jpg?resize=523%2C2048&#038;ssl=1\" alt=\"\" width=\"523\" height=\"2048\" srcset=\"https:\/\/i0.wp.com\/www.lavras24horas.com.br\/portal\/wp-content\/uploads\/2019\/09\/DOCUMENTO-OFICIAL.jpg?w=523&amp;ssl=1 523w, https:\/\/i0.wp.com\/www.lavras24horas.com.br\/portal\/wp-content\/uploads\/2019\/09\/DOCUMENTO-OFICIAL.jpg?resize=84%2C330&amp;ssl=1 84w\" sizes=\"(max-width: 523px) 100vw, 523px\" \/><\/p>\n<p>&nbsp;<\/p>\n","protected":false},"excerpt":{"rendered":"<p>&nbsp; &nbsp; Na manh\u00e3 desta quarta-feira, 18, o bispo diocesano de S\u00e3o Jo\u00e3o del-Rei, Dom Jos\u00e9 Eudes Campos do Nascimento, se reuniu com os membros do Conselho Presbiteral e Col\u00e9gio de Consultores para a elabora\u00e7\u00e3o e publica\u00e7\u00e3o de um decreto sobre a queima de fogos de artif\u00edcios e a venda de bebidas alco\u00f3licas em eventos [&hellip;]<\/p>\n","protected":false},"author":7,"featured_media":248741,"comment_status":"closed","ping_status":"closed","sticky":false,"template":"","format":"standard","meta":{"advanced_seo_description":"","jetpack_seo_html_title":"","jetpack_seo_noindex":false,"_jetpack_memberships_contains_paid_content":false,"footnotes":""},"categories":[12,4],"tags":[467,466],"class_list":["post-248739","post","type-post","status-publish","format-standard","has-post-thumbnail","hentry","category-destaques-1","category-lavras","tag-automatico","tag-rascunho"],"jetpack_featured_media_url":"https:\/\/i0.wp.com\/www.lavras24horas.com.br\/portal\/wp-content\/uploads\/2019\/09\/512_512.png?fit=512%2C512&ssl=1","jetpack_sharing_enabled":true,"jetpack_likes_enabled":true,"jetpack_shortlink":"https:\/\/wp.me\/p12djN-12HV","_links":{"self":[{"href":"https:\/\/www.lavras24horas.com.br\/portal\/wp-json\/wp\/v2\/posts\/248739","targetHints":{"allow":["GET"]}}],"collection":[{"href":"https:\/\/www.lavras24horas.com.br\/portal\/wp-json\/wp\/v2\/posts"}],"about":[{"href":"https:\/\/www.lavras24horas.com.br\/portal\/wp-json\/wp\/v2\/types\/post"}],"author":[{"embeddable":true,"href":"https:\/\/www.lavras24horas.com.br\/portal\/wp-json\/wp\/v2\/users\/7"}],"replies":[{"embeddable":true,"href":"https:\/\/www.lavras24horas.com.br\/portal\/wp-json\/wp\/v2\/comments?post=248739"}],"version-history":[{"count":1,"href":"https:\/\/www.lavras24horas.com.br\/portal\/wp-json\/wp\/v2\/posts\/248739\/revisions"}],"predecessor-version":[{"id":248742,"href":"https:\/\/www.lavras24horas.com.br\/portal\/wp-json\/wp\/v2\/posts\/248739\/revisions\/248742"}],"wp:featuredmedia":[{"embeddable":true,"href":"https:\/\/www.lavras24horas.com.br\/portal\/wp-json\/wp\/v2\/media\/248741"}],"wp:attachment":[{"href":"https:\/\/www.lavras24horas.com.br\/portal\/wp-json\/wp\/v2\/media?parent=248739"}],"wp:term":[{"taxonomy":"category","embeddable":true,"href":"https:\/\/www.lavras24horas.com.br\/portal\/wp-json\/wp\/v2\/categories?post=248739"},{"taxonomy":"post_tag","embeddable":true,"href":"https:\/\/www.lavras24horas.com.br\/portal\/wp-json\/wp\/v2\/tags?post=248739"}],"curies":[{"name":"wp","href":"https:\/\/api.w.org\/{rel}","templated":true}]}}