{"id":248736,"date":"2019-09-19T07:00:34","date_gmt":"2019-09-19T10:00:34","guid":{"rendered":"https:\/\/www.lavras24horas.com.br\/portal\/?p=248736"},"modified":"2019-09-19T07:05:39","modified_gmt":"2019-09-19T10:05:39","slug":"orcamento-municipal-e-apresentado-em-audiencia-publica","status":"publish","type":"post","link":"https:\/\/www.lavras24horas.com.br\/portal\/orcamento-municipal-e-apresentado-em-audiencia-publica\/","title":{"rendered":"Or\u00e7amento Municipal \u00e9 apresentado em Audi\u00eancia P\u00fablica"},"content":{"rendered":"<p>&nbsp;<\/p>\n<p style=\"text-align: justify;\">A Secretaria Municipal da Fazenda e Planejamento apresentou em Audi\u00eancia P\u00fablica as informa\u00e7\u00f5es relacionadas \u00e0 elabora\u00e7\u00e3o do Or\u00e7amento do Munic\u00edpio de Lavras para o exerc\u00edcio de 2020.<\/p>\n<p style=\"text-align: justify;\">A reuni\u00e3o foi realizada no audit\u00f3rio da Escola Municipal \u201cPadre Dehon\u201d, na Zona Norte de Lavras, no dia 9 de setembro.<\/p>\n<p style=\"text-align: justify;\">A Audi\u00eancia P\u00fablica iniciou com introdu\u00e7\u00e3o aos presentes de como \u00e9 o funcionamento do Or\u00e7amento P\u00fablico e da Lei Or\u00e7ament\u00e1ria Anual. Em seguida, foi apresentada a metodologia utilizada, os valores de receitas, despesas e reservas, das a\u00e7\u00f5es de destaque, al\u00e9m de abertura para participa\u00e7\u00e3o por meio de d\u00favidas e sugest\u00f5es.<\/p>\n","protected":false},"excerpt":{"rendered":"<p>&nbsp; A Secretaria Municipal da Fazenda e Planejamento apresentou em Audi\u00eancia P\u00fablica as informa\u00e7\u00f5es relacionadas \u00e0 elabora\u00e7\u00e3o do Or\u00e7amento do Munic\u00edpio de Lavras para o exerc\u00edcio de 2020. A reuni\u00e3o foi realizada no audit\u00f3rio da Escola Municipal \u201cPadre Dehon\u201d, na Zona Norte de Lavras, no dia 9 de setembro. A Audi\u00eancia P\u00fablica iniciou com introdu\u00e7\u00e3o [&hellip;]<\/p>\n","protected":false},"author":7,"featured_media":248737,"comment_status":"closed","ping_status":"closed","sticky":false,"template":"","format":"standard","meta":{"advanced_seo_description":"","jetpack_seo_html_title":"","jetpack_seo_noindex":false,"_jetpack_memberships_contains_paid_content":false,"footnotes":""},"categories":[13,4],"tags":[467,466],"class_list":["post-248736","post","type-post","status-publish","format-standard","has-post-thumbnail","hentry","category-laterais-1","category-lavras","tag-automatico","tag-rascunho"],"jetpack_featured_media_url":"https:\/\/i0.wp.com\/www.lavras24horas.com.br\/portal\/wp-content\/uploads\/2019\/09\/IMG9710.jpg?fit=600%2C399&ssl=1","jetpack_sharing_enabled":true,"jetpack_likes_enabled":true,"_links":{"self":[{"href":"https:\/\/www.lavras24horas.com.br\/portal\/wp-json\/wp\/v2\/posts\/248736","targetHints":{"allow":["GET"]}}],"collection":[{"href":"https:\/\/www.lavras24horas.com.br\/portal\/wp-json\/wp\/v2\/posts"}],"about":[{"href":"https:\/\/www.lavras24horas.com.br\/portal\/wp-json\/wp\/v2\/types\/post"}],"author":[{"embeddable":true,"href":"https:\/\/www.lavras24horas.com.br\/portal\/wp-json\/wp\/v2\/users\/7"}],"replies":[{"embeddable":true,"href":"https:\/\/www.lavras24horas.com.br\/portal\/wp-json\/wp\/v2\/comments?post=248736"}],"version-history":[{"count":1,"href":"https:\/\/www.lavras24horas.com.br\/portal\/wp-json\/wp\/v2\/posts\/248736\/revisions"}],"predecessor-version":[{"id":248738,"href":"https:\/\/www.lavras24horas.com.br\/portal\/wp-json\/wp\/v2\/posts\/248736\/revisions\/248738"}],"wp:featuredmedia":[{"embeddable":true,"href":"https:\/\/www.lavras24horas.com.br\/portal\/wp-json\/wp\/v2\/media\/248737"}],"wp:attachment":[{"href":"https:\/\/www.lavras24horas.com.br\/portal\/wp-json\/wp\/v2\/media?parent=248736"}],"wp:term":[{"taxonomy":"category","embeddable":true,"href":"https:\/\/www.lavras24horas.com.br\/portal\/wp-json\/wp\/v2\/categories?post=248736"},{"taxonomy":"post_tag","embeddable":true,"href":"https:\/\/www.lavras24horas.com.br\/portal\/wp-json\/wp\/v2\/tags?post=248736"}],"curies":[{"name":"wp","href":"https:\/\/api.w.org\/{rel}","templated":true}]}}