{"id":248732,"date":"2019-09-19T07:00:22","date_gmt":"2019-09-19T10:00:22","guid":{"rendered":"https:\/\/www.lavras24horas.com.br\/portal\/?p=248732"},"modified":"2019-09-19T07:06:04","modified_gmt":"2019-09-19T10:06:04","slug":"estudo-utiliza-praticas-ecologicas-tradicionais-para-preservacao-ambiental-em-carrancas","status":"publish","type":"post","link":"https:\/\/www.lavras24horas.com.br\/portal\/estudo-utiliza-praticas-ecologicas-tradicionais-para-preservacao-ambiental-em-carrancas\/","title":{"rendered":"Estudo utiliza pr\u00e1ticas ecol\u00f3gicas tradicionais para preserva\u00e7\u00e3o ambiental em Carrancas"},"content":{"rendered":"<p>&nbsp;<\/p>\n<p>&nbsp;<\/p>\n<p style=\"text-align: justify;\">O Cerrado \u00e9 o segundo maior bioma brasileiro, abrange diversos estados, entre eles Minas Gerais. Uma de suas caracter\u00edsticas \u00e9 o predom\u00ednio de vegeta\u00e7\u00e3o campestre, composta por gram\u00edneas, arbustos e \u00e1rvores. Nesse ecossistema, a ocorr\u00eancia de fogo, de forma natural, durante a temporada de chuvas \u00e9 compreendida como algo ben\u00e9fico para o bioma, j\u00e1 que algumas sementes necessitam de um choque t\u00e9rmico para iniciar o processo de germina\u00e7\u00e3o; al\u00e9m disso, historicamente as popula\u00e7\u00f5es humanas utilizam o fogo nesses ambientes. Por\u00e9m, a exclus\u00e3o do fogo em algumas \u00e1reas e o uso indevido t\u00eam causado altera\u00e7\u00f5es nos padr\u00f5es de queima, resultando em inc\u00eandios devastadores.<\/p>\n<p style=\"text-align: justify;\">Na UFLA, uma pesquisa do Mestrado Profissional em Tecnologias e Inova\u00e7\u00f5es Ambientais, juntamente com o Departamento de Ci\u00eancias Florestais (DCF), realizou um levantamento etnoecol\u00f3gico do fogo para auxiliar na conserva\u00e7\u00e3o de ecossistemas naturais em regi\u00f5es de Cerrado, como no munic\u00edpio de Carrancas. \u201cA pesquisa procurou realizar um resgate do conhecimento ecol\u00f3gico tradicional e das pr\u00e1ticas antigas do uso do fogo naquela regi\u00e3o, al\u00e9m de levantar o registro de inc\u00eandios das \u00faltimas d\u00e9cadas para saber de que forma esses conhecimentos antigos e esse hist\u00f3rico de inc\u00eandios podem contribuir para promover estrat\u00e9gias de conserva\u00e7\u00e3o e de gest\u00e3o das \u00e1reas naturais\u201d, explica a doutoranda Carolina Costa Rodrigues.<\/p>\n<p style=\"text-align: justify;\">Como as comunidades antigas j\u00e1 manejavam o fogo para renova\u00e7\u00e3o da vegeta\u00e7\u00e3o naqueles ambientes, para o estudo foram realizadas entrevistas com atores sociais chave, ou seja, produtores rurais tradicionais, brigadistas e membros da comunidade local, para entender como era a pr\u00e1tica antiga do fogo e como as mudan\u00e7as culturais do uso da terra, como a substitui\u00e7\u00e3o do campo nativo e o \u00eaxodo rural, influenciaram na ocorr\u00eancia de inc\u00eandios descontrolados. \u201cEscolhemos Carrancas por ser uma regi\u00e3o importante do ponto de vista ecol\u00f3gico, j\u00e1 que ela \u00e9 considerada priorit\u00e1ria para conserva\u00e7\u00e3o e possui um aspecto cultural e natural de ocorr\u00eancias do fogo, diz Carolina. A pesquisa foi orientada pelo professor Marco Aur\u00e9lio Leite Fontes (DCF).<\/p>\n<p style=\"text-align: justify;\">A pesquisadora conta que, al\u00e9m de ser algo comum no Cerrado em algumas esta\u00e7\u00f5es, a popula\u00e7\u00e3o local tamb\u00e9m cultiva a pr\u00e1tica de colocar fogo controlado na vegeta\u00e7\u00e3o como manejo da pastagem do campo nativo. Por\u00e9m, esse cen\u00e1rio cultural do fogo tem dado lugar a inc\u00eandios de grandes propor\u00e7\u00f5es. \u201cApesar de os ambientes campestres serem mais propensos ao fogo, como \u00e9 o caso do Cerrado, essas queimadas devem ser realizadas no per\u00edodo correto. Uma queimada nesse per\u00edodo do ano em que estamos pode ocasionar um descontrole, chegando a propor\u00e7\u00f5es de grandes inc\u00eandios com alta intensidade e severidade. Esse \u00e9 considerado o pior cen\u00e1rio de fogo para \u00e1reas naturais.\u201d<\/p>\n<p style=\"text-align: justify;\">Entre os resultados obtidos na pesquisa, Carolina menciona que o conhecimento tradicional do fogo naquela regi\u00e3o constitui um conjunto de cren\u00e7as e pr\u00e1ticas que poder\u00e3o ser usados para estabelecer uma pol\u00edtica adequada de manejo do fogo para a conserva\u00e7\u00e3o das \u00e1reas naturais campestres montanas e para prevenir grandes inc\u00eandios que a regi\u00e3o de Carrancas tem sofrido, pois envolvem um conjunto de t\u00e9cnicas como a queima em mosaico, a prote\u00e7\u00e3o das \u00e1reas florestais sens\u00edveis ao fogo, a redu\u00e7\u00e3o do material combust\u00edvel, entre outras. Al\u00e9m disso, o manejo adequado pode potencializar o cen\u00e1rio produtivo dos campos nativos que confere a qualidade dos queijos do munic\u00edpio. \u201cObservamos que \u00e9 necess\u00e1rio urgentemente uma pol\u00edtica adequada, uma integra\u00e7\u00e3o da sociedade, dos grupos que existem no munic\u00edpio, de brigadistas, do poder p\u00fablico e de \u00f3rg\u00e3os ambientais para pensar um programa de manejo do fogo para aquela regi\u00e3o. \u201d<\/p>\n<p style=\"text-align: justify;\">Dados recentes do banco do Programa Queimadas, do\u00a0Instituto Nacional de Pesquisas Espaciais (Inpe) captados por sat\u00e9lite mostram que nos primeiros dias de setembro, o Cerrado registrou mais focos de queimadas do que a Floresta Amaz\u00f4nica. Esse aumento no n\u00famero de focos no Cerrado n\u00e3o foi visto no mesmo per\u00edodo de 2018.<\/p>\n","protected":false},"excerpt":{"rendered":"<p>&nbsp; &nbsp; O Cerrado \u00e9 o segundo maior bioma brasileiro, abrange diversos estados, entre eles Minas Gerais. Uma de suas caracter\u00edsticas \u00e9 o predom\u00ednio de vegeta\u00e7\u00e3o campestre, composta por gram\u00edneas, arbustos e \u00e1rvores. Nesse ecossistema, a ocorr\u00eancia de fogo, de forma natural, durante a temporada de chuvas \u00e9 compreendida como algo ben\u00e9fico para o bioma, [&hellip;]<\/p>\n","protected":false},"author":7,"featured_media":248733,"comment_status":"closed","ping_status":"closed","sticky":false,"template":"","format":"standard","meta":{"advanced_seo_description":"","jetpack_seo_html_title":"","jetpack_seo_noindex":false,"_jetpack_memberships_contains_paid_content":false,"footnotes":""},"categories":[14,4],"tags":[467,466],"class_list":["post-248732","post","type-post","status-publish","format-standard","has-post-thumbnail","hentry","category-destaques-2","category-lavras","tag-automatico","tag-rascunho"],"jetpack_featured_media_url":"https:\/\/i0.wp.com\/www.lavras24horas.com.br\/portal\/wp-content\/uploads\/2019\/09\/fogo_cerrado_Bombeiros.jpg?fit=600%2C291&ssl=1","jetpack_sharing_enabled":true,"jetpack_likes_enabled":true,"_links":{"self":[{"href":"https:\/\/www.lavras24horas.com.br\/portal\/wp-json\/wp\/v2\/posts\/248732","targetHints":{"allow":["GET"]}}],"collection":[{"href":"https:\/\/www.lavras24horas.com.br\/portal\/wp-json\/wp\/v2\/posts"}],"about":[{"href":"https:\/\/www.lavras24horas.com.br\/portal\/wp-json\/wp\/v2\/types\/post"}],"author":[{"embeddable":true,"href":"https:\/\/www.lavras24horas.com.br\/portal\/wp-json\/wp\/v2\/users\/7"}],"replies":[{"embeddable":true,"href":"https:\/\/www.lavras24horas.com.br\/portal\/wp-json\/wp\/v2\/comments?post=248732"}],"version-history":[{"count":1,"href":"https:\/\/www.lavras24horas.com.br\/portal\/wp-json\/wp\/v2\/posts\/248732\/revisions"}],"predecessor-version":[{"id":248734,"href":"https:\/\/www.lavras24horas.com.br\/portal\/wp-json\/wp\/v2\/posts\/248732\/revisions\/248734"}],"wp:featuredmedia":[{"embeddable":true,"href":"https:\/\/www.lavras24horas.com.br\/portal\/wp-json\/wp\/v2\/media\/248733"}],"wp:attachment":[{"href":"https:\/\/www.lavras24horas.com.br\/portal\/wp-json\/wp\/v2\/media?parent=248732"}],"wp:term":[{"taxonomy":"category","embeddable":true,"href":"https:\/\/www.lavras24horas.com.br\/portal\/wp-json\/wp\/v2\/categories?post=248732"},{"taxonomy":"post_tag","embeddable":true,"href":"https:\/\/www.lavras24horas.com.br\/portal\/wp-json\/wp\/v2\/tags?post=248732"}],"curies":[{"name":"wp","href":"https:\/\/api.w.org\/{rel}","templated":true}]}}