{"id":248728,"date":"2019-09-19T07:00:53","date_gmt":"2019-09-19T10:00:53","guid":{"rendered":"https:\/\/www.lavras24horas.com.br\/portal\/?p=248728"},"modified":"2019-09-19T07:05:15","modified_gmt":"2019-09-19T10:05:15","slug":"lavras-casos-de-violencia-contra-a-mulher-ja-quase-superam-os-registrados-em-2018","status":"publish","type":"post","link":"https:\/\/www.lavras24horas.com.br\/portal\/lavras-casos-de-violencia-contra-a-mulher-ja-quase-superam-os-registrados-em-2018\/","title":{"rendered":"Lavras: Casos de viol\u00eancia contra a mulher j\u00e1 quase superam os registrados em 2018"},"content":{"rendered":"<p style=\"text-align: justify;\">O n\u00famero de mulheres que sofreram viol\u00eancia este ano em Lavras j\u00e1 quase supera todo o per\u00edodo de 2018. Os dados s\u00e3o da Delegacia Especializada de Atendimento \u00e0 Mulher.<\/p>\n<p style=\"text-align: justify;\">De acordo com o \u00f3rg\u00e3o, foram registradas 225 medidas protetivas voltadas para as mulheres que sofreram viol\u00eancia familiar e dom\u00e9stica este ano contra 245 em todo o ano de 2018.<\/p>\n<p style=\"text-align: justify;\">As medidas protetivas s\u00e3o mecanismos legais que t\u00eam como objetivo proteger o indiv\u00edduo em situa\u00e7\u00e3o de risco. O caso mais comum de medida protetiva \u00e9 da Lei Maria da Penha (Lei 11.340\/2006), que visa proteger mulheres, v\u00edtimas de viol\u00eancia familiar e dom\u00e9stica de serem agredidas novamente.<\/p>\n<p style=\"text-align: justify;\">A medida protetiva, nesse caso, \u00e9 solicitada pela v\u00edtima e expedida pela justi\u00e7a em car\u00e1ter emergencial. Ela obriga determinadas condutas por parte do agressor: proibi\u00e7\u00e3o de aproximar-se da v\u00edtima, de seus filhos, parentes e at\u00e9 mesmo, testemunhas; proibi\u00e7\u00e3o de contato com a mulher, inclusive por meio de telefone ou redes sociais; restri\u00e7\u00e3o ou at\u00e9 mesmo suspens\u00e3o do direito de visita\u00e7\u00e3o aos filhos; pagar pens\u00e3o aliment\u00edcia para a mulher &#8211; em caso de haver depend\u00eancia financeira desta em rela\u00e7\u00e3o ao agressor; restri\u00e7\u00e3o do porte de armas.<\/p>\n<p style=\"text-align: justify;\"><strong>Ciclo de Viol\u00eancia<\/strong><\/p>\n<figure id=\"attachment_248729\" aria-describedby=\"caption-attachment-248729\" style=\"width: 600px\" class=\"wp-caption aligncenter\"><img data-recalc-dims=\"1\" fetchpriority=\"high\" decoding=\"async\" data-attachment-id=\"248729\" data-permalink=\"https:\/\/www.lavras24horas.com.br\/portal\/lavras-casos-de-violencia-contra-a-mulher-ja-quase-superam-os-registrados-em-2018\/dra-ana-paula-sentada-copia\/\" data-orig-file=\"https:\/\/i0.wp.com\/www.lavras24horas.com.br\/portal\/wp-content\/uploads\/2019\/09\/dra.-ana-paula-sentada-Copia.jpg?fit=600%2C450&amp;ssl=1\" data-orig-size=\"600,450\" data-comments-opened=\"0\" data-image-meta=\"{&quot;aperture&quot;:&quot;0&quot;,&quot;credit&quot;:&quot;&quot;,&quot;camera&quot;:&quot;&quot;,&quot;caption&quot;:&quot;&quot;,&quot;created_timestamp&quot;:&quot;0&quot;,&quot;copyright&quot;:&quot;&quot;,&quot;focal_length&quot;:&quot;0&quot;,&quot;iso&quot;:&quot;0&quot;,&quot;shutter_speed&quot;:&quot;0&quot;,&quot;title&quot;:&quot;&quot;,&quot;orientation&quot;:&quot;0&quot;}\" data-image-title=\"dra. ana paula sentada &amp;#8211; C\u00f3pia\" data-image-description=\"\" data-image-caption=\"\" data-large-file=\"https:\/\/i0.wp.com\/www.lavras24horas.com.br\/portal\/wp-content\/uploads\/2019\/09\/dra.-ana-paula-sentada-Copia.jpg?fit=440%2C330&amp;ssl=1\" class=\"wp-image-248729 size-full\" src=\"https:\/\/i0.wp.com\/www.lavras24horas.com.br\/portal\/wp-content\/uploads\/2019\/09\/dra.-ana-paula-sentada-Copia.jpg?resize=600%2C450&#038;ssl=1\" alt=\"\" width=\"600\" height=\"450\" srcset=\"https:\/\/i0.wp.com\/www.lavras24horas.com.br\/portal\/wp-content\/uploads\/2019\/09\/dra.-ana-paula-sentada-Copia.jpg?w=600&amp;ssl=1 600w, https:\/\/i0.wp.com\/www.lavras24horas.com.br\/portal\/wp-content\/uploads\/2019\/09\/dra.-ana-paula-sentada-Copia.jpg?resize=440%2C330&amp;ssl=1 440w\" sizes=\"(max-width: 600px) 100vw, 600px\" \/><figcaption id=\"caption-attachment-248729\" class=\"wp-caption-text\">\u201cOs casos de homic\u00eddio praticado contra as mulheres, o chamado feminic\u00eddio, \u00e9 apenas a ponta do iceberg nestes casos. \u00c9 preciso que as v\u00edtimas rompam o silencio para parar o ciclo de viol\u00eancia\u201d, finalizou.<\/figcaption><\/figure>\n<p style=\"text-align: justify;\">De acordo com a respons\u00e1vel Delegacia Especializada de Atendimento \u00e0 Mulher de Lavras, Dra. Ana Paula Arruda, uma em cada cinco mulheres sofrem viol\u00eancia f\u00edsica ou psicol\u00f3gica no pa\u00eds. A maioria das v\u00edtimas, destaca ela, apresentam hiper vulnerabilidade.<\/p>\n<p style=\"text-align: justify;\">\u201cEm geral s\u00e3o mulheres negras com pouca escolaridade que s\u00e3o vitimas de viol\u00eancias f\u00edsicas, morais, psicol\u00f3gicas, sexual e patrimonial (reter aposentadoria ou benef\u00edcio e promover quebra-quebra dentro da resid\u00eancia)\u201d, afirmou.<\/p>\n<p style=\"text-align: justify;\">A delegada ressaltou que muitas vezes esse tipo de viol\u00eancia acontece durante muitos anos antes que a v\u00edtima decida procurar a pol\u00edcia. Ela destaca tamb\u00e9m que os casos envolvem uso e abuso de \u00e1lcool.<\/p>\n<p style=\"text-align: justify;\">\u201cOs casos de homic\u00eddio praticado contra as mulheres, o chamado feminic\u00eddio, \u00e9 apenas a ponta do iceberg nestes casos. \u00c9 preciso que as v\u00edtimas rompam o silencio para parar o ciclo de viol\u00eancia\u201d, finalizou.<\/p>\n<p style=\"text-align: justify;\">O \u00faltimo caso de feminic\u00eddio registrado em Lavras aconteceu em julho deste ano, quando Irene Aparecida Borges, de 52 anos, foi assassinada com golpes de peda\u00e7o de madeira e a facadas pelo pr\u00f3prio marido. Os policiais contaram que ele havia ingerido bebidas alco\u00f3licas.<\/p>\n<p style=\"text-align: justify;\">O telefone para den\u00fancias \u00e9 o da Delegacia Especializada de Atendimento \u00e0 Mulher; (35) 394 21 46. O \u00f3rg\u00e3o atende de segunda a sexta-feira entre 8h e 12h e 13h e 17h.<\/p>\n<p>&nbsp;<\/p>\n<p>&nbsp;<\/p>\n<p>&nbsp;<\/p>\n<p>&nbsp;<\/p>\n","protected":false},"excerpt":{"rendered":"<p>O n\u00famero de mulheres que sofreram viol\u00eancia este ano em Lavras j\u00e1 quase supera todo o per\u00edodo de 2018. Os dados s\u00e3o da Delegacia Especializada de Atendimento \u00e0 Mulher. De acordo com o \u00f3rg\u00e3o, foram registradas 225 medidas protetivas voltadas para as mulheres que sofreram viol\u00eancia familiar e dom\u00e9stica este ano contra 245 em todo [&hellip;]<\/p>\n","protected":false},"author":7,"featured_media":248730,"comment_status":"closed","ping_status":"closed","sticky":false,"template":"","format":"standard","meta":{"advanced_seo_description":"","jetpack_seo_html_title":"","jetpack_seo_noindex":false,"_jetpack_memberships_contains_paid_content":false,"footnotes":""},"categories":[13077,4],"tags":[467,466],"class_list":["post-248728","post","type-post","status-publish","format-standard","has-post-thumbnail","hentry","category-laterais-2","category-lavras","tag-automatico","tag-rascunho"],"jetpack_featured_media_url":"https:\/\/i0.wp.com\/www.lavras24horas.com.br\/portal\/wp-content\/uploads\/2019\/09\/4FE2DF69A3F726B44B8C37465F16D6EE35A8_violenciadomesticatres.jpg?fit=680%2C374&ssl=1","jetpack_sharing_enabled":true,"jetpack_likes_enabled":true,"_links":{"self":[{"href":"https:\/\/www.lavras24horas.com.br\/portal\/wp-json\/wp\/v2\/posts\/248728","targetHints":{"allow":["GET"]}}],"collection":[{"href":"https:\/\/www.lavras24horas.com.br\/portal\/wp-json\/wp\/v2\/posts"}],"about":[{"href":"https:\/\/www.lavras24horas.com.br\/portal\/wp-json\/wp\/v2\/types\/post"}],"author":[{"embeddable":true,"href":"https:\/\/www.lavras24horas.com.br\/portal\/wp-json\/wp\/v2\/users\/7"}],"replies":[{"embeddable":true,"href":"https:\/\/www.lavras24horas.com.br\/portal\/wp-json\/wp\/v2\/comments?post=248728"}],"version-history":[{"count":2,"href":"https:\/\/www.lavras24horas.com.br\/portal\/wp-json\/wp\/v2\/posts\/248728\/revisions"}],"predecessor-version":[{"id":248743,"href":"https:\/\/www.lavras24horas.com.br\/portal\/wp-json\/wp\/v2\/posts\/248728\/revisions\/248743"}],"wp:featuredmedia":[{"embeddable":true,"href":"https:\/\/www.lavras24horas.com.br\/portal\/wp-json\/wp\/v2\/media\/248730"}],"wp:attachment":[{"href":"https:\/\/www.lavras24horas.com.br\/portal\/wp-json\/wp\/v2\/media?parent=248728"}],"wp:term":[{"taxonomy":"category","embeddable":true,"href":"https:\/\/www.lavras24horas.com.br\/portal\/wp-json\/wp\/v2\/categories?post=248728"},{"taxonomy":"post_tag","embeddable":true,"href":"https:\/\/www.lavras24horas.com.br\/portal\/wp-json\/wp\/v2\/tags?post=248728"}],"curies":[{"name":"wp","href":"https:\/\/api.w.org\/{rel}","templated":true}]}}