{"id":248715,"date":"2019-09-19T07:00:22","date_gmt":"2019-09-19T10:00:22","guid":{"rendered":"https:\/\/www.lavras24horas.com.br\/portal\/?p=248715"},"modified":"2019-09-18T15:49:59","modified_gmt":"2019-09-18T18:49:59","slug":"festival-paraolimpico-de-lavras-acontece-no-proxima-domingo-21","status":"publish","type":"post","link":"https:\/\/www.lavras24horas.com.br\/portal\/festival-paraolimpico-de-lavras-acontece-no-proxima-domingo-21\/","title":{"rendered":"Festival Paraolimpico de Lavras acontece neste s\u00e1bado (21)"},"content":{"rendered":"<p>&nbsp;<\/p>\n<p>&nbsp;<\/p>\n<p style=\"text-align: justify;\">Acontece no pr\u00f3ximo s\u00e1bado, dia 21, o Festival Paraolimpico de Lavras. O evento ocorre anualmente em diversas cidades do Brasil, por iniciativa do Comit\u00ea Paral\u00edmpico Brasileiro em comemora\u00e7\u00e3o ao Dia do Atleta Paral\u00edmpico.<\/p>\n<p style=\"text-align: justify;\">Neste ano, a Faculdade Presbiteriana Gammon (FAGAMMON) com o apoio da Prefeitura Municipal de Lavras, por meio da Secretaria Municipal de Esporte, Lazer, Turismo e Cultura e a Secretaria Municipal de Educa\u00e7\u00e3o, apresentam \u00e0 comunidade lavrense tr\u00eas modalidades paral\u00edmpicas: atletismo, futebol de 5 e v\u00f4lei sentado. O intuito \u00e9 promover, estimular e fomentar a pr\u00e1tica esportiva para pessoas com defici\u00eancia. <strong>Veja a programa\u00e7\u00e3o abaixo<\/strong>.<\/p>\n<p style=\"text-align: justify;\">As atividades ser\u00e3o direcionadas \u00e0s crian\u00e7as e aos adolescentes com defici\u00eancia, de ambos os g\u00eaneros, na faixa et\u00e1ria entre 10 e 17 anos, que poder\u00e3o experimentar e praticar gratuitamente os principais fundamentos e habilidades das modalidades oferecidas.<\/p>\n<p style=\"text-align: justify;\">\u201cEste \u00e9 um festival que prop\u00f5e as pr\u00e1ticas esportivas paral\u00edmpicas gratuitamente para as crian\u00e7as e jovens da cidade, com algum tipo de defici\u00eancia, fazendo com que elas tenham a oportunidade de vivenci\u00e1-las mesmo que n\u00e3o as conhe\u00e7a ou que nunca tenha tido a chance de pratic\u00e1-las antes\u201d, destacou diretora da Fagammon e coordenadora Geral do Festival Paral\u00edmpico em Lavras, Michelle Barreto.<\/p>\n<p style=\"text-align: justify;\">De acordo com professora da Fagammon e coordenadora t\u00e9cnica do Festival Paral\u00edmpico em Lavras, Mariana Resende, \u201cespera-se que a manh\u00e3 do dia 21 de Setembro seja uma experi\u00eancia divertida e enriquecedora para todos os envolvidos e os presentes\u201d.<\/p>\n<p><strong>Programa\u00e7\u00e3o:<\/strong><\/p>\n<p><strong>8h Credenciamento<\/strong><\/p>\n<p><strong>8h30 Solenidade de Abertura<\/strong><\/p>\n<p><strong>9h Futebol de 5<\/strong><\/p>\n<p><strong>9h45 Atletismo<\/strong><\/p>\n<p><strong>10h15 V\u00f4lei Sentado<\/strong><\/p>\n<p><strong>11h Lanche<\/strong><\/p>\n<p><strong>11h30 Encerramento<\/strong><\/p>\n","protected":false},"excerpt":{"rendered":"<p>&nbsp; &nbsp; Acontece no pr\u00f3ximo s\u00e1bado, dia 21, o Festival Paraolimpico de Lavras. O evento ocorre anualmente em diversas cidades do Brasil, por iniciativa do Comit\u00ea Paral\u00edmpico Brasileiro em comemora\u00e7\u00e3o ao Dia do Atleta Paral\u00edmpico. Neste ano, a Faculdade Presbiteriana Gammon (FAGAMMON) com o apoio da Prefeitura Municipal de Lavras, por meio da Secretaria Municipal [&hellip;]<\/p>\n","protected":false},"author":7,"featured_media":248716,"comment_status":"closed","ping_status":"closed","sticky":false,"template":"","format":"standard","meta":{"advanced_seo_description":"","jetpack_seo_html_title":"","jetpack_seo_noindex":false,"_jetpack_memberships_contains_paid_content":false,"footnotes":""},"categories":[13077,4],"tags":[467,466],"class_list":["post-248715","post","type-post","status-publish","format-standard","has-post-thumbnail","hentry","category-laterais-2","category-lavras","tag-automatico","tag-rascunho"],"jetpack_featured_media_url":"https:\/\/i0.wp.com\/www.lavras24horas.com.br\/portal\/wp-content\/uploads\/2019\/09\/Voleibol.jpg?fit=554%2C369&ssl=1","jetpack_sharing_enabled":true,"jetpack_likes_enabled":true,"jetpack_shortlink":"https:\/\/wp.me\/p12djN-12Hx","_links":{"self":[{"href":"https:\/\/www.lavras24horas.com.br\/portal\/wp-json\/wp\/v2\/posts\/248715","targetHints":{"allow":["GET"]}}],"collection":[{"href":"https:\/\/www.lavras24horas.com.br\/portal\/wp-json\/wp\/v2\/posts"}],"about":[{"href":"https:\/\/www.lavras24horas.com.br\/portal\/wp-json\/wp\/v2\/types\/post"}],"author":[{"embeddable":true,"href":"https:\/\/www.lavras24horas.com.br\/portal\/wp-json\/wp\/v2\/users\/7"}],"replies":[{"embeddable":true,"href":"https:\/\/www.lavras24horas.com.br\/portal\/wp-json\/wp\/v2\/comments?post=248715"}],"version-history":[{"count":2,"href":"https:\/\/www.lavras24horas.com.br\/portal\/wp-json\/wp\/v2\/posts\/248715\/revisions"}],"predecessor-version":[{"id":248735,"href":"https:\/\/www.lavras24horas.com.br\/portal\/wp-json\/wp\/v2\/posts\/248715\/revisions\/248735"}],"wp:featuredmedia":[{"embeddable":true,"href":"https:\/\/www.lavras24horas.com.br\/portal\/wp-json\/wp\/v2\/media\/248716"}],"wp:attachment":[{"href":"https:\/\/www.lavras24horas.com.br\/portal\/wp-json\/wp\/v2\/media?parent=248715"}],"wp:term":[{"taxonomy":"category","embeddable":true,"href":"https:\/\/www.lavras24horas.com.br\/portal\/wp-json\/wp\/v2\/categories?post=248715"},{"taxonomy":"post_tag","embeddable":true,"href":"https:\/\/www.lavras24horas.com.br\/portal\/wp-json\/wp\/v2\/tags?post=248715"}],"curies":[{"name":"wp","href":"https:\/\/api.w.org\/{rel}","templated":true}]}}