{"id":248712,"date":"2019-09-18T13:14:56","date_gmt":"2019-09-18T16:14:56","guid":{"rendered":"https:\/\/www.lavras24horas.com.br\/portal\/?p=248712"},"modified":"2019-09-18T13:14:56","modified_gmt":"2019-09-18T16:14:56","slug":"direito-e-mineracao-sera-tema-de-seminario-na-ufla","status":"publish","type":"post","link":"https:\/\/www.lavras24horas.com.br\/portal\/direito-e-mineracao-sera-tema-de-seminario-na-ufla\/","title":{"rendered":"Direito e Minera\u00e7\u00e3o ser\u00e1 tema de Semin\u00e1rio na UFLA"},"content":{"rendered":"<div>\n<p>&nbsp;<\/p>\n<p>&nbsp;<\/p>\n<p style=\"text-align: justify;\">Minas Gerais \u00e9 o mais importante estado minerador do pa\u00eds, sendo extra\u00eddos mais de 160 milh\u00f5es de toneladas\/ano de min\u00e9rio de ferro. O Estado \u00e9 respons\u00e1vel por aproximadamente 53% da produ\u00e7\u00e3o brasileira de minerais met\u00e1licos e 29% de min\u00e9rios em geral e as suas reservas mineiras de ni\u00f3bio s\u00e3o para mais de 400 anos. Existem somente tr\u00eas minas de ni\u00f3bio em todo o mundo.<\/p>\n<\/div>\n<div style=\"text-align: justify;\">A atividade de minera\u00e7\u00e3o est\u00e1 presente em mais de 250 munic\u00edpios mineiro, sendo que dos dez maiores munic\u00edpios mineradores, sete est\u00e3o em Minas, sendo Itabira o maior do Pa\u00eds. Al\u00e9m disso, mais de 300 minas est\u00e3o em opera\u00e7\u00e3o. Das 100 maiores do Brasil, 40 est\u00e3o localizadas no Estado. 67% das minas classe A (produ\u00e7\u00e3o superior a 3 milh\u00f5es t\/ano) est\u00e3o em Minas Gerais.<\/div>\n<div style=\"text-align: justify;\"><\/div>\n<div style=\"text-align: justify;\">Com essa import\u00e2ncia da minera\u00e7\u00e3o para Minas Gerais, sendo inclusive, a base econ\u00f4mica de v\u00e1rios munic\u00edpios, n\u00e3o se pode deixar de lado a preocupa\u00e7\u00e3o em tornar a atividade mais segura. Especialistas destacam a necessidade de uma mudan\u00e7a generalizada, que inclui gestores, \u00f3rg\u00e3os p\u00fablicos, empreendedores e sociedade para uma nova pol\u00edtica mineral. Al\u00e9m de ser pr\u00f3spero, o setor de minera\u00e7\u00e3o precisa alcan\u00e7ar seus melhores resultados, mas com compromisso na atua\u00e7\u00e3o.<\/div>\n<div style=\"text-align: justify;\"><\/div>\n<div style=\"text-align: justify;\">Para isso, \u00e9 preciso uma reeduca\u00e7\u00e3o na atividade para que, al\u00e9m de gerar prosperidade, passe a\u00a0 adotar novas tecnologias para redu\u00e7\u00e3o dos impactos ambientais e sociais, al\u00e9m de um olhar sens\u00edvel e respons\u00e1vel para os munic\u00edpios que envolve o setor, bem como para prote\u00e7\u00e3o dos recursos naturais e da popula\u00e7\u00e3o que vive nestes locais.<\/div>\n<div style=\"text-align: justify;\"><\/div>\n<div style=\"text-align: justify;\">E com um olhar para os desafios e perspectivas que envolvem o setor, o Instituto Brasileiro de Direito Mineral (IBDM) e o N\u00facleo de Estudos em Direito Ambiental (Nedam) do Departamento de Direito (DIR) da Universidade Federal de Lavras (UFLA) promovem na pr\u00f3xima sexta-feira, 20, o II Semin\u00e1rio Direito e Minera\u00e7\u00e3o. O evento ocorrer\u00e1 no Anfiteatro Professor Doutor Adimilson Bosco Chitarra, do Departamento de Ci\u00eancia dos Alimentos (DCA) da UFLA, das 15h30 \u00e0s 20h.<\/div>\n<div style=\"text-align: justify;\"><\/div>\n<div style=\"text-align: justify;\">\n<p>O promotor de Justi\u00e7a\u00a0Rodrigo Caldeira Grava Brazil, coordenador regional das Promotorias Justi\u00e7a de Meio Ambiente da Bacia do Rio Grande ministrar\u00e1 a palestra &#8220;Minera\u00e7\u00e3o e responsabilidade social&#8221;, das 18h \u00e0s 18h30.<\/p>\n<\/div>\n<div style=\"text-align: justify;\"><\/div>\n<div style=\"text-align: justify;\">\n<p><b>Outros palestrantes<\/b><\/p>\n<\/div>\n<div style=\"text-align: justify;\">\n<p>Tamb\u00e9m ser\u00e1 palestrante no evento, das 17h30 \u00e0s 18h, Bruno Malta, que enfocar\u00e1 o tema &#8220;Restri\u00e7\u00f5es ambientais e alternativas para a minera\u00e7\u00e3o&#8221;. Ele \u00e9 graduado em Direito pela Universidade FUMEC, foi servidor efetivo da Secretaria de Estado de Meio Ambiente e Desenvolvimento Sustent\u00e1vel de Minas Gerais (Semad), onde ocupou diversos cargos. Tamb\u00e9m autor do livro &#8220;Hermen\u00eautica Jur\u00eddica do Meio Ambiente&#8221;. Atua em Direito Ambiental, com foco em consultoria e contencioso administrativo no William Freire Advogados Associados.<\/p>\n<\/div>\n<div style=\"text-align: justify;\"><\/div>\n<div style=\"text-align: justify;\">\n<p>Luciana Gomez ministrar\u00e1 a palestra &#8220;Usurpa\u00e7\u00e3o mineral e tend\u00eancias dos Tribunais&#8221;, das 16h45 \u00e0s 17h15. J\u00e1 Thiago Passos ministrar\u00e1 a palestra &#8220;Altera\u00e7\u00f5es legislativas relevantes para a minera\u00e7\u00e3o&#8221;,\u00a0 das 16h15 \u00e0s 16h45.<\/p>\n<\/div>\n<div style=\"text-align: justify;\"><\/div>\n<div style=\"text-align: justify;\">\n<p><b>Organiza\u00e7\u00e3o<\/b><\/p>\n<\/div>\n<div style=\"text-align: justify;\">\n<p>A comiss\u00e3o organizadora \u00e9 composta por Ana Maria Damasceno, Luciana Gomez e Thiago Passos, sendo sua presidente a professora Paula Teles, do Departamento de Direito da UFLA.<\/p>\n<\/div>\n<div style=\"text-align: justify;\"><\/div>\n<div style=\"text-align: justify;\">\n<p><b>Servi\u00e7o<\/b><\/p>\n<\/div>\n<div style=\"text-align: justify;\">\n<p><b>II Semin\u00e1rio de Direito e Minera\u00e7\u00e3o<\/b><\/p>\n<\/div>\n<div style=\"text-align: justify;\">\n<p><b>Data:\u00a0<\/b>20 de setembro de 2019<\/p>\n<\/div>\n<div style=\"text-align: justify;\">\n<p><b>Hor\u00e1rio:\u00a0<\/b>das 15h30 \u00e0s 20h<\/p>\n<\/div>\n<div style=\"text-align: justify;\">\n<p><b>Local:<\/b>\u00a0Anfiteatro Prof. Dr. Adimilson Bosco Chitarra &#8211; Depto. de Ci\u00eancia dos Alimentos (DCA) da UFLA<\/p>\n<\/div>\n<div>\n<p style=\"text-align: justify;\"><b>Inscri\u00e7\u00f5es:\u00a0<\/b><a href=\"mailto:direitominerario@direitominerario.com.br\" rel=\"noreferrer\">direitominerario@direitominerario.com.br<\/a>\u00a0(enviar nome, e-mail, telefone e nome da empresa). Vagas limitadas.<\/p>\n<\/div>\n","protected":false},"excerpt":{"rendered":"<p>&nbsp; &nbsp; Minas Gerais \u00e9 o mais importante estado minerador do pa\u00eds, sendo extra\u00eddos mais de 160 milh\u00f5es de toneladas\/ano de min\u00e9rio de ferro. O Estado \u00e9 respons\u00e1vel por aproximadamente 53% da produ\u00e7\u00e3o brasileira de minerais met\u00e1licos e 29% de min\u00e9rios em geral e as suas reservas mineiras de ni\u00f3bio s\u00e3o para mais de 400 [&hellip;]<\/p>\n","protected":false},"author":7,"featured_media":248713,"comment_status":"closed","ping_status":"closed","sticky":false,"template":"","format":"standard","meta":{"advanced_seo_description":"","jetpack_seo_html_title":"","jetpack_seo_noindex":false,"_jetpack_memberships_contains_paid_content":false,"footnotes":""},"categories":[14,4],"tags":[467,466],"class_list":["post-248712","post","type-post","status-publish","format-standard","has-post-thumbnail","hentry","category-destaques-2","category-lavras","tag-automatico","tag-rascunho"],"jetpack_featured_media_url":"https:\/\/i0.wp.com\/www.lavras24horas.com.br\/portal\/wp-content\/uploads\/2019\/09\/online-workshop-registration-1.jpg?fit=600%2C400&ssl=1","jetpack_sharing_enabled":true,"jetpack_likes_enabled":true,"_links":{"self":[{"href":"https:\/\/www.lavras24horas.com.br\/portal\/wp-json\/wp\/v2\/posts\/248712","targetHints":{"allow":["GET"]}}],"collection":[{"href":"https:\/\/www.lavras24horas.com.br\/portal\/wp-json\/wp\/v2\/posts"}],"about":[{"href":"https:\/\/www.lavras24horas.com.br\/portal\/wp-json\/wp\/v2\/types\/post"}],"author":[{"embeddable":true,"href":"https:\/\/www.lavras24horas.com.br\/portal\/wp-json\/wp\/v2\/users\/7"}],"replies":[{"embeddable":true,"href":"https:\/\/www.lavras24horas.com.br\/portal\/wp-json\/wp\/v2\/comments?post=248712"}],"version-history":[{"count":1,"href":"https:\/\/www.lavras24horas.com.br\/portal\/wp-json\/wp\/v2\/posts\/248712\/revisions"}],"predecessor-version":[{"id":248714,"href":"https:\/\/www.lavras24horas.com.br\/portal\/wp-json\/wp\/v2\/posts\/248712\/revisions\/248714"}],"wp:featuredmedia":[{"embeddable":true,"href":"https:\/\/www.lavras24horas.com.br\/portal\/wp-json\/wp\/v2\/media\/248713"}],"wp:attachment":[{"href":"https:\/\/www.lavras24horas.com.br\/portal\/wp-json\/wp\/v2\/media?parent=248712"}],"wp:term":[{"taxonomy":"category","embeddable":true,"href":"https:\/\/www.lavras24horas.com.br\/portal\/wp-json\/wp\/v2\/categories?post=248712"},{"taxonomy":"post_tag","embeddable":true,"href":"https:\/\/www.lavras24horas.com.br\/portal\/wp-json\/wp\/v2\/tags?post=248712"}],"curies":[{"name":"wp","href":"https:\/\/api.w.org\/{rel}","templated":true}]}}