{"id":248709,"date":"2019-09-18T13:12:21","date_gmt":"2019-09-18T16:12:21","guid":{"rendered":"https:\/\/www.lavras24horas.com.br\/portal\/?p=248709"},"modified":"2019-09-18T13:12:21","modified_gmt":"2019-09-18T16:12:21","slug":"autora-lavrense-lancara-seu-4o-livro-no-proximo-dia-28-de-setembro","status":"publish","type":"post","link":"https:\/\/www.lavras24horas.com.br\/portal\/autora-lavrense-lancara-seu-4o-livro-no-proximo-dia-28-de-setembro\/","title":{"rendered":"Autora lavrense lan\u00e7ar\u00e1 seu 4\u00ba livro no pr\u00f3ximo dia 28 de setembro"},"content":{"rendered":"<p>&nbsp;<\/p>\n<p>&nbsp;<\/p>\n<p style=\"font-weight: 400; text-align: justify;\">Escolhendo como t\u00edtulo, Fogo da Vida, a psic\u00f3loga e escritora Maria do Carmo Nacif de Carvalho, reuniu uma s\u00e9rie de reflex\u00f5es sobre a vida e os relacionamentos, reflex\u00f5es essas, desenvolvidas ao longo de mais de 20 dos seus 42 anos como psic\u00f3loga.<\/p>\n<p style=\"font-weight: 400; text-align: justify;\">Os textos que j\u00e1 s\u00e3o conhecidos e esperados por parcela da popula\u00e7\u00e3o lavrense, foram selecionados e reorganizados no intuito de servir de instrumento de autoconhecimento para todos aqueles que t\u00eam em si o\u00a0<em>fogo da vida<\/em>, o desejo de mudan\u00e7a.<\/p>\n<p style=\"font-weight: 400; text-align: justify;\"><strong>O livro Fogo da Vida<\/strong><\/p>\n<p style=\"font-weight: 400; text-align: justify;\">Penetrar no enigma da alma humana \u00e9 um privil\u00e9gio. N\u00e3o para decifr\u00e1-lo, mas pelo menos contemplar o mist\u00e9rio que caracteriza a exist\u00eancia. Dores, afli\u00e7\u00f5es, conflitos, assim como j\u00fabilo, contentamento e amorosidade s\u00e3o inerentes \u00e0 natureza dos cora\u00e7\u00f5es e mentes dos viajantes deste planeta. No decorrer de quarenta anos de escuta, emergiu na autora a inspira\u00e7\u00e3o, atrav\u00e9s da escrita, para procurar amenizar o sofrimento daqueles que \u00a0lhe confidenciaram seus mais profundos segredos. Muitas vezes as ang\u00fastias e questionamentos foram sincr\u00f4nicos aos vivenciados no momento pela autora. Cada um trazia um aspecto dela mesma a ser mais conhecido, explorado numa viagem na qual a parceria torna o fardo mais leve. Consequentemente possibilitou-se uma expans\u00e3o de consci\u00eancia, que se manifestou, na medida em que acontecimentos conscientes e inconscientes aparentemente sem sentido adquirem uma significa\u00e7\u00e3o iluminadora. F\u00e1cil n\u00e3o \u00e9 o caminho do autoconhecimento, que implica enxergar a pr\u00f3pria &#8220;luz&#8221; e a sombra, ambas assustadoras.<\/p>\n<p style=\"font-weight: 400; text-align: justify;\">A autora pretende, atrav\u00e9s dos 55 textos selecionados a partir dessa imers\u00e3o no \u00e2mago do ser, compartilhar\u00a0 atrav\u00e9s de uma linguagem metaf\u00f3rica, por\u00e9m acess\u00edvel, reflex\u00f5es que \u00a0poder\u00e3o ser \u00fateis\u00a0 no desenrolar e manejo deste emaranhado\u00a0 de sentimentos e emo\u00e7\u00f5es. Uma semente apenas que frutificar\u00a0 na terra f\u00e9rtil da busca do auto entendimento, para cada leitor que encarar o \u00a0corajoso desafio de mergulhar em si mesmo, ter\u00e1 consumado o prop\u00f3sito desta leitura.<\/p>\n<p style=\"font-weight: 400; text-align: justify;\"><strong>A escritora<\/strong><\/p>\n<p style=\"font-weight: 400; text-align: justify;\">Maria do Carmo Nacif de Carvalho \u00e9 Psic\u00f3loga Clinica e Organizacional pela UfMG . Sua forma\u00e7\u00e3o inicial\u00a0 foi atrav\u00e9s da Analise Transacional e com continuidade nas Forma\u00e7\u00f5es Transpessoais e F\u00edsica Qu\u00e2ntica.\u00a0 \u00c9 autora dos livros &#8220;:Libere sua Compet\u00eancia&#8221; ( QualityMark 1999)\u00a0 em parceria com a psic\u00f3loga Ana Rita de Macedo Moura; &#8220;Gest\u00e3o de Pessoas,&#8221; (Senac Nacional 2004) e&#8221; Relacionamento Interpessoal&#8221; ( LTC 2009).<\/p>\n<p style=\"font-weight: 400; text-align: justify;\">Natural de\u00a0 S\u00e3o Jo\u00e3o del Rei, atua no seu consult\u00f3rio em Lavras(MG) onde reside.\u00a0 Ministra cursos e palestras sobre autodesenvolvimento e crescimento pessoal.<\/p>\n<p style=\"font-weight: 400; text-align: justify;\">Site:\u00a0<a href=\"http:\/\/www.psicologamariadocarmo.com.br\/\">www.psicologamariadocarmo.com.br<\/a><\/p>\n<p style=\"font-weight: 400; text-align: justify;\">Instagram: psicologamariadocarmo<\/p>\n<p style=\"font-weight: 400; text-align: justify;\">e-mail:\u00a0\u00a0<a href=\"mailto:mcanacif@gmail.com\">mcanacif@gmail.com<\/a><\/p>\n<p><b>Servi\u00e7o<br \/>\nLan\u00e7amento do Livro Fogo da Vida<br \/>\n<\/b>Data: s\u00e1bado, 28 de setembro<br \/>\nHor\u00e1rio: das 19h \u00e0s 22h<br \/>\nLocal: Vit\u00f3ria Palace Hotel<\/p>\n<p>&nbsp;<\/p>\n<p style=\"font-weight: 400; text-align: justify;\">\n","protected":false},"excerpt":{"rendered":"<p>&nbsp; &nbsp; Escolhendo como t\u00edtulo, Fogo da Vida, a psic\u00f3loga e escritora Maria do Carmo Nacif de Carvalho, reuniu uma s\u00e9rie de reflex\u00f5es sobre a vida e os relacionamentos, reflex\u00f5es essas, desenvolvidas ao longo de mais de 20 dos seus 42 anos como psic\u00f3loga. Os textos que j\u00e1 s\u00e3o conhecidos e esperados por parcela da [&hellip;]<\/p>\n","protected":false},"author":7,"featured_media":248710,"comment_status":"closed","ping_status":"closed","sticky":false,"template":"","format":"standard","meta":{"advanced_seo_description":"","jetpack_seo_html_title":"","jetpack_seo_noindex":false,"_jetpack_memberships_contains_paid_content":false,"footnotes":""},"categories":[13077,4],"tags":[467,466],"class_list":["post-248709","post","type-post","status-publish","format-standard","has-post-thumbnail","hentry","category-laterais-2","category-lavras","tag-automatico","tag-rascunho"],"jetpack_featured_media_url":"https:\/\/i0.wp.com\/www.lavras24horas.com.br\/portal\/wp-content\/uploads\/2019\/09\/WhatsApp-Image-2019-09-16-at-19.01.03-1.jpeg?fit=600%2C514&ssl=1","jetpack_sharing_enabled":true,"jetpack_likes_enabled":true,"_links":{"self":[{"href":"https:\/\/www.lavras24horas.com.br\/portal\/wp-json\/wp\/v2\/posts\/248709","targetHints":{"allow":["GET"]}}],"collection":[{"href":"https:\/\/www.lavras24horas.com.br\/portal\/wp-json\/wp\/v2\/posts"}],"about":[{"href":"https:\/\/www.lavras24horas.com.br\/portal\/wp-json\/wp\/v2\/types\/post"}],"author":[{"embeddable":true,"href":"https:\/\/www.lavras24horas.com.br\/portal\/wp-json\/wp\/v2\/users\/7"}],"replies":[{"embeddable":true,"href":"https:\/\/www.lavras24horas.com.br\/portal\/wp-json\/wp\/v2\/comments?post=248709"}],"version-history":[{"count":1,"href":"https:\/\/www.lavras24horas.com.br\/portal\/wp-json\/wp\/v2\/posts\/248709\/revisions"}],"predecessor-version":[{"id":248711,"href":"https:\/\/www.lavras24horas.com.br\/portal\/wp-json\/wp\/v2\/posts\/248709\/revisions\/248711"}],"wp:featuredmedia":[{"embeddable":true,"href":"https:\/\/www.lavras24horas.com.br\/portal\/wp-json\/wp\/v2\/media\/248710"}],"wp:attachment":[{"href":"https:\/\/www.lavras24horas.com.br\/portal\/wp-json\/wp\/v2\/media?parent=248709"}],"wp:term":[{"taxonomy":"category","embeddable":true,"href":"https:\/\/www.lavras24horas.com.br\/portal\/wp-json\/wp\/v2\/categories?post=248709"},{"taxonomy":"post_tag","embeddable":true,"href":"https:\/\/www.lavras24horas.com.br\/portal\/wp-json\/wp\/v2\/tags?post=248709"}],"curies":[{"name":"wp","href":"https:\/\/api.w.org\/{rel}","templated":true}]}}