{"id":248706,"date":"2019-09-18T13:03:36","date_gmt":"2019-09-18T16:03:36","guid":{"rendered":"https:\/\/www.lavras24horas.com.br\/portal\/?p=248706"},"modified":"2019-09-18T13:03:36","modified_gmt":"2019-09-18T16:03:36","slug":"teatro-de-luz-cemig-aborda-o-uso-eficiente-da-energia-em-lavras","status":"publish","type":"post","link":"https:\/\/www.lavras24horas.com.br\/portal\/teatro-de-luz-cemig-aborda-o-uso-eficiente-da-energia-em-lavras\/","title":{"rendered":"Teatro de Luz Cemig aborda o uso eficiente da energia em Lavras"},"content":{"rendered":"<p>&nbsp;<\/p>\n<p>&nbsp;<\/p>\n<p style=\"font-weight: 400; text-align: justify;\">A Cemig reuniu nesta ter\u00e7a-feira (17), cerca de 240 alunos da Escola Municipal Padre Dehon, em Lavras, em uma atividade educativa que abordou junto ao p\u00fablico infantil a necessidade de ajudar em casa com atitudes que fazem a diferen\u00e7a na conta de luz.<\/p>\n<p style=\"font-weight: 400; text-align: justify;\">A contadora de hist\u00f3rias Tia \u00c9sia apresentou\u00a0 a hist\u00f3ria \u201c<em>C\u00f3,c\u00f3,c\u00f3&#8230; a energia da fam\u00edlia Carij\u00f3<\/em>\u201d, que conta com texto bem humorado e m\u00fasicas que objetivam sensibilizar os estudantes e suas fam\u00edlias para o consumo consciente da energia el\u00e9trica. Nesta hist\u00f3ria divertida e interativa, os personagens vivem situa\u00e7\u00f5es comuns no dia-a-dia, atrav\u00e9s das quais ensinam a garotada a usar a energia com sabedoria e sem desperd\u00edcios, contribuindo para a preserva\u00e7\u00e3o do meio ambiente.<\/p>\n<p style=\"font-weight: 400; text-align: justify;\">Segundo o analista de efici\u00eancia energ\u00e9tica Neander Geraldo Resende Lima, da Cemig, a iniciativa pretende disseminar \u00a0uma cultura de consumo consciente e sustent\u00e1vel, reduzindo impactos para o meio ambiente e gerando benef\u00edcios para toda a sociedade. \u201cA Cemig vem trabalhando para que seja formada uma nova gera\u00e7\u00e3o de consumidores, e levar conhecimento de forma l\u00fadica e pr\u00e1tica tem impactos positivos no h\u00e1bito dos alunos e de suas fam\u00edlias\u201d, conta o analista.<\/p>\n","protected":false},"excerpt":{"rendered":"<p>&nbsp; &nbsp; A Cemig reuniu nesta ter\u00e7a-feira (17), cerca de 240 alunos da Escola Municipal Padre Dehon, em Lavras, em uma atividade educativa que abordou junto ao p\u00fablico infantil a necessidade de ajudar em casa com atitudes que fazem a diferen\u00e7a na conta de luz. A contadora de hist\u00f3rias Tia \u00c9sia apresentou\u00a0 a hist\u00f3ria \u201cC\u00f3,c\u00f3,c\u00f3&#8230; [&hellip;]<\/p>\n","protected":false},"author":7,"featured_media":248707,"comment_status":"closed","ping_status":"closed","sticky":false,"template":"","format":"standard","meta":{"advanced_seo_description":"","jetpack_seo_html_title":"","jetpack_seo_noindex":false,"_jetpack_memberships_contains_paid_content":false,"footnotes":""},"categories":[12,4],"tags":[467,466],"class_list":["post-248706","post","type-post","status-publish","format-standard","has-post-thumbnail","hentry","category-destaques-1","category-lavras","tag-automatico","tag-rascunho"],"jetpack_featured_media_url":"https:\/\/i0.wp.com\/www.lavras24horas.com.br\/portal\/wp-content\/uploads\/2019\/09\/Tia-Esia-conta-historias-1.jpg?fit=600%2C364&ssl=1","jetpack_sharing_enabled":true,"jetpack_likes_enabled":true,"jetpack_shortlink":"https:\/\/wp.me\/p12djN-12Ho","_links":{"self":[{"href":"https:\/\/www.lavras24horas.com.br\/portal\/wp-json\/wp\/v2\/posts\/248706","targetHints":{"allow":["GET"]}}],"collection":[{"href":"https:\/\/www.lavras24horas.com.br\/portal\/wp-json\/wp\/v2\/posts"}],"about":[{"href":"https:\/\/www.lavras24horas.com.br\/portal\/wp-json\/wp\/v2\/types\/post"}],"author":[{"embeddable":true,"href":"https:\/\/www.lavras24horas.com.br\/portal\/wp-json\/wp\/v2\/users\/7"}],"replies":[{"embeddable":true,"href":"https:\/\/www.lavras24horas.com.br\/portal\/wp-json\/wp\/v2\/comments?post=248706"}],"version-history":[{"count":1,"href":"https:\/\/www.lavras24horas.com.br\/portal\/wp-json\/wp\/v2\/posts\/248706\/revisions"}],"predecessor-version":[{"id":248708,"href":"https:\/\/www.lavras24horas.com.br\/portal\/wp-json\/wp\/v2\/posts\/248706\/revisions\/248708"}],"wp:featuredmedia":[{"embeddable":true,"href":"https:\/\/www.lavras24horas.com.br\/portal\/wp-json\/wp\/v2\/media\/248707"}],"wp:attachment":[{"href":"https:\/\/www.lavras24horas.com.br\/portal\/wp-json\/wp\/v2\/media?parent=248706"}],"wp:term":[{"taxonomy":"category","embeddable":true,"href":"https:\/\/www.lavras24horas.com.br\/portal\/wp-json\/wp\/v2\/categories?post=248706"},{"taxonomy":"post_tag","embeddable":true,"href":"https:\/\/www.lavras24horas.com.br\/portal\/wp-json\/wp\/v2\/tags?post=248706"}],"curies":[{"name":"wp","href":"https:\/\/api.w.org\/{rel}","templated":true}]}}