{"id":248693,"date":"2019-09-17T15:47:29","date_gmt":"2019-09-17T18:47:29","guid":{"rendered":"https:\/\/www.lavras24horas.com.br\/portal\/?p=248693"},"modified":"2019-09-17T15:47:29","modified_gmt":"2019-09-17T18:47:29","slug":"palestra-conheca-suas-raizes-aprenda-como-fazer-sua-historia-da-familia-sera-realizada-hoje-17","status":"publish","type":"post","link":"https:\/\/www.lavras24horas.com.br\/portal\/palestra-conheca-suas-raizes-aprenda-como-fazer-sua-historia-da-familia-sera-realizada-hoje-17\/","title":{"rendered":"Palestra &#8220;Conhe\u00e7a suas Ra\u00edzes: Aprenda como fazer sua Hist\u00f3ria da Fam\u00edlia&#8221; ser\u00e1 realizada hoje (17)"},"content":{"rendered":"<p>&nbsp;<\/p>\n<p>&nbsp;<\/p>\n<p style=\"font-weight: 400;\">A Secretaria de Esporte, Lazer, Turismo e Cultura convida todos os interessados em conhecer a hist\u00f3ria de suas fam\u00edlias e iniciar sua \u00c1rvore Geneal\u00f3gica para palestra na Casa da Cultura no dia 17 de setembro, ter\u00e7a-feira, \u00e0s 17h30.<\/p>\n<p style=\"font-weight: 400;\">Essa palestra \u00e9 o segundo m\u00f3dulo do projeto &#8220;Conhe\u00e7a suas Ra\u00edzes: Aprenda como fazer sua Hist\u00f3ria da Fam\u00edlia&#8221;, iniciado em 2018, no qual pesquisadores e entusiastas tamb\u00e9m s\u00e3o estimulados a contar um pouco sobre as origens de seus ancestrais &#8212; at\u00e9 porque, como a Genealogia demonstra, todos tem algum parentesco, mais ou menos pr\u00f3ximo.<\/p>\n<p style=\"font-weight: 400;\">A Casa da Cultura est\u00e1 localizada na Rua Santana, Centro. Para obter mais informa\u00e7\u00f5es ligue 3694-4086 ou 3822-7979.<\/p>\n<p style=\"font-weight: 400;\"><b><strong>Curiosidade<\/strong><\/b><\/p>\n<p style=\"font-weight: 400;\">Voc\u00ea sabia que o lavrense Ary Florenzano (1894-1983) foi um dos maiores genealogias brasileiros? Ele inclusive \u00e9 um patrono de cadeira no Col\u00e9gio Brasileiro de Genealogia, desde 1988.<b><strong><em>\u00a0<\/em><\/strong><\/b><\/p>\n","protected":false},"excerpt":{"rendered":"<p>&nbsp; &nbsp; A Secretaria de Esporte, Lazer, Turismo e Cultura convida todos os interessados em conhecer a hist\u00f3ria de suas fam\u00edlias e iniciar sua \u00c1rvore Geneal\u00f3gica para palestra na Casa da Cultura no dia 17 de setembro, ter\u00e7a-feira, \u00e0s 17h30. Essa palestra \u00e9 o segundo m\u00f3dulo do projeto &#8220;Conhe\u00e7a suas Ra\u00edzes: Aprenda como fazer sua [&hellip;]<\/p>\n","protected":false},"author":7,"featured_media":248694,"comment_status":"closed","ping_status":"closed","sticky":false,"template":"","format":"standard","meta":{"advanced_seo_description":"","jetpack_seo_html_title":"","jetpack_seo_noindex":false,"_jetpack_memberships_contains_paid_content":false,"footnotes":""},"categories":[13,4],"tags":[467,466],"class_list":["post-248693","post","type-post","status-publish","format-standard","has-post-thumbnail","hentry","category-laterais-1","category-lavras","tag-automatico","tag-rascunho"],"jetpack_featured_media_url":"https:\/\/i0.wp.com\/www.lavras24horas.com.br\/portal\/wp-content\/uploads\/2019\/09\/Casa-da-Cultura-3-Copia.jpg?fit=500%2C346&ssl=1","jetpack_sharing_enabled":true,"jetpack_likes_enabled":true,"_links":{"self":[{"href":"https:\/\/www.lavras24horas.com.br\/portal\/wp-json\/wp\/v2\/posts\/248693","targetHints":{"allow":["GET"]}}],"collection":[{"href":"https:\/\/www.lavras24horas.com.br\/portal\/wp-json\/wp\/v2\/posts"}],"about":[{"href":"https:\/\/www.lavras24horas.com.br\/portal\/wp-json\/wp\/v2\/types\/post"}],"author":[{"embeddable":true,"href":"https:\/\/www.lavras24horas.com.br\/portal\/wp-json\/wp\/v2\/users\/7"}],"replies":[{"embeddable":true,"href":"https:\/\/www.lavras24horas.com.br\/portal\/wp-json\/wp\/v2\/comments?post=248693"}],"version-history":[{"count":1,"href":"https:\/\/www.lavras24horas.com.br\/portal\/wp-json\/wp\/v2\/posts\/248693\/revisions"}],"predecessor-version":[{"id":248695,"href":"https:\/\/www.lavras24horas.com.br\/portal\/wp-json\/wp\/v2\/posts\/248693\/revisions\/248695"}],"wp:featuredmedia":[{"embeddable":true,"href":"https:\/\/www.lavras24horas.com.br\/portal\/wp-json\/wp\/v2\/media\/248694"}],"wp:attachment":[{"href":"https:\/\/www.lavras24horas.com.br\/portal\/wp-json\/wp\/v2\/media?parent=248693"}],"wp:term":[{"taxonomy":"category","embeddable":true,"href":"https:\/\/www.lavras24horas.com.br\/portal\/wp-json\/wp\/v2\/categories?post=248693"},{"taxonomy":"post_tag","embeddable":true,"href":"https:\/\/www.lavras24horas.com.br\/portal\/wp-json\/wp\/v2\/tags?post=248693"}],"curies":[{"name":"wp","href":"https:\/\/api.w.org\/{rel}","templated":true}]}}