{"id":248690,"date":"2019-09-18T07:00:52","date_gmt":"2019-09-18T10:00:52","guid":{"rendered":"https:\/\/www.lavras24horas.com.br\/portal\/?p=248690"},"modified":"2019-09-17T15:51:54","modified_gmt":"2019-09-17T18:51:54","slug":"setembro-amarelo-ufla-promove-campanha-bem-me-quero-bem-te-quero","status":"publish","type":"post","link":"https:\/\/www.lavras24horas.com.br\/portal\/setembro-amarelo-ufla-promove-campanha-bem-me-quero-bem-te-quero\/","title":{"rendered":"Setembro Amarelo: Ufla promove campanha \u201cBem me quero, bem te quero\u201d"},"content":{"rendered":"<p>&nbsp;<\/p>\n<p>&nbsp;<\/p>\n<p style=\"text-align: justify;\">10\/9 \u00e9 o Dia Mundial de Preven\u00e7\u00e3o do Suic\u00eddio. Em refer\u00eancia \u00e0 data, a Universidade Federal de Lavras (UFLA) d\u00e1 in\u00edcio a uma campanha de mobiliza\u00e7\u00e3o da comunidade universit\u00e1ria e da sociedade de Lavras, buscando promover di\u00e1logo para desmistificar quest\u00f5es sobre o tema e refor\u00e7ar cuidados importantes com a sa\u00fade mental.<\/p>\n<p style=\"text-align: justify;\">A campanha do Setembro Amarelo \u201cBem me quero, bem te quero\u201d \u00e9 realizada de forma colaborativa pelo N\u00facleo de Sa\u00fade Mental da Coordenadoria de Sa\u00fade da Pr\u00f3-reitoria de Assuntos Estudantis e Comunit\u00e1rios (Praec), pelo Projeto Minuto da Sa\u00fade e pela Diretoria de Comunica\u00e7\u00e3o (Dcom). Os quadrinhos, que abordam iniciativas para preserva\u00e7\u00e3o da sa\u00fade mental e discutem a tem\u00e1tica do suic\u00eddio nos n\u00facleos familiares e de amigos, foram ilustrados especialmente para o projeto pela estudante do curso de Nutri\u00e7\u00e3o da UFLA Let\u00edcia Andrade dos Santos Sales.<\/p>\n<p style=\"text-align: justify;\">Al\u00e9m da divulga\u00e7\u00e3o nas redes sociais, a campanha contar\u00e1 ainda com rodas de conversa, palestras e atividades junto \u00e0 comunidade lavrense. \u00a0As iniciativas s\u00e3o uma parceria entre UFLA, \u00a0Associa\u00e7\u00e3o Mineira de Psiquiatria (AMP) &#8211; N\u00facleo Sul de Minas e da Ordem dos Advogados do Brasil &#8211; OAB cidad\u00e3, de Lavras.<\/p>\n<p style=\"text-align: justify;\"><strong>Confira as a\u00e7\u00f5es da campanha Setembro Amarelo da UFLA:<\/strong><\/p>\n<p style=\"text-align: justify;\"><strong><em>18\/9 (Quarta-feira<\/em><\/strong><em>)<\/em>\u00a0\u2013 Roda de conversa no Centro de Conviv\u00eancia da UFLA, das 12h \u00e0s 13h<\/p>\n<p style=\"text-align: justify;\"><strong><em>28\/9 (S\u00e1bado)<\/em><\/strong>\u00a0&#8211; Palestras sobre suic\u00eddio e depress\u00e3o: \u201cN\u00e3o silencie, di-VIDA\u201d &#8211;<br \/>\nAnfiteatro do Departamento de Agricultura (DAG)<\/p>\n<p style=\"text-align: justify;\">9h \u2013 9h30<\/p>\n<p style=\"text-align: justify;\">Palestrante: Psic\u00f3logo Ismael Pereira de Siqueira (Unilavras)<\/p>\n<p style=\"text-align: justify;\">Coordenadora: K\u00e1tia Poles \u2013 Coordenadora de Sa\u00fade &#8211; UFLA<\/p>\n<p style=\"text-align: justify;\">9h30 &#8211; 10h<\/p>\n<p style=\"text-align: justify;\">Palestrante: Dr. Humberto Corr\u00eaa &#8211; UFMG \/ Associa\u00e7\u00e3o Mineira de Psiquiatria<\/p>\n<p style=\"text-align: justify;\">Coordenadora: Allana Henriques Carvalho-OAB Cidad\u00e3<\/p>\n<p style=\"text-align: justify;\">10h \u2013 10h30<\/p>\n<p style=\"text-align: justify;\">Mesa de debates com os palestrantes<\/p>\n<p style=\"text-align: justify;\">Debatedor: Dr. Hugo de Paiva Teixeira Jr &#8211; Associa\u00e7\u00e3o Mineira de Psiquiatria \u2013 Sul de Minas<\/p>\n<p style=\"text-align: justify;\">10h30 &#8211;\u00a0<em>Coffee break<\/em>\u00a0na \u00e1rea externa com apresenta\u00e7\u00e3o musical de:<\/p>\n<p style=\"text-align: justify;\">Tatiana Assis e Jean Carlos &#8211; Bossa and Jazz.<\/p>\n<p style=\"text-align: justify;\"><strong><em>Inscri\u00e7\u00f5es pelo\u00a0<span id=\"cloak64c81de01f5af4d30b7b8dfb266ed9bd\"><a href=\"mailto:comissaooabcidada@gmail.com\">comissaooabcidada@gmail.com<\/a><\/span>, enviando nome completo.<\/em><\/strong><\/p>\n<p style=\"text-align: justify;\"><strong><em>29\/09 (Domingo)<\/em><\/strong><\/p>\n<p style=\"text-align: justify;\">10h &#8211; Mobiliza\u00e7\u00e3o na Pra\u00e7a Dr. Augusto Silva com apresenta\u00e7\u00e3o musical \u2013 orienta\u00e7\u00e3o ao p\u00fablico e distribui\u00e7\u00e3o de camisas e cartilhas<\/p>\n<p style=\"text-align: justify;\"><strong>Um problema mundial<\/strong><\/p>\n<p style=\"text-align: justify;\">O suic\u00eddio \u00e9 a principal causa de morte violenta no mundo, com 11,4 \u00f3bitos para cada 100 mil habitantes. Segundo a Organiza\u00e7\u00e3o Mundial de Sa\u00fade (OMS), a cada 40 segundos, uma pessoa morre por suic\u00eddio. O Brasil \u00e9 um dos 29 pa\u00edses que n\u00e3o conseguiram reduzir as mortes autoprovocadas no per\u00edodo de 2000 a 2012, de acordo com a OMS, chegando ao equivalente a 32 mortes di\u00e1rias em 2012, mesmo patamar dos falecimentos decorrentes do HIV.<\/p>\n<p style=\"text-align: justify;\">Os \u00edndices tamb\u00e9m t\u00eam crescido entre os jovens. De acordo com a Associa\u00e7\u00e3o Brasileira de Psiquiatria, o suic\u00eddio corresponde a 3% do total de \u00f3bitos entre jovens e adultos jovens do sexo masculino.\u00a0 Na faixa et\u00e1ria dos 15 aos 29 anos, o ato representa 8,5% das causas de morte em todo o mundo, perdendo apenas para os acidentes de tr\u00e2nsito.<\/p>\n","protected":false},"excerpt":{"rendered":"<p>&nbsp; &nbsp; 10\/9 \u00e9 o Dia Mundial de Preven\u00e7\u00e3o do Suic\u00eddio. Em refer\u00eancia \u00e0 data, a Universidade Federal de Lavras (UFLA) d\u00e1 in\u00edcio a uma campanha de mobiliza\u00e7\u00e3o da comunidade universit\u00e1ria e da sociedade de Lavras, buscando promover di\u00e1logo para desmistificar quest\u00f5es sobre o tema e refor\u00e7ar cuidados importantes com a sa\u00fade mental. A campanha [&hellip;]<\/p>\n","protected":false},"author":7,"featured_media":248691,"comment_status":"closed","ping_status":"closed","sticky":false,"template":"","format":"standard","meta":{"advanced_seo_description":"","jetpack_seo_html_title":"","jetpack_seo_noindex":false,"_jetpack_memberships_contains_paid_content":false,"footnotes":""},"categories":[14,4],"tags":[467,466],"class_list":["post-248690","post","type-post","status-publish","format-standard","has-post-thumbnail","hentry","category-destaques-2","category-lavras","tag-automatico","tag-rascunho"],"jetpack_featured_media_url":"https:\/\/i0.wp.com\/www.lavras24horas.com.br\/portal\/wp-content\/uploads\/2019\/09\/Bem_me_quero_bem_te_quero_12.png?fit=500%2C500&ssl=1","jetpack_sharing_enabled":true,"jetpack_likes_enabled":true,"_links":{"self":[{"href":"https:\/\/www.lavras24horas.com.br\/portal\/wp-json\/wp\/v2\/posts\/248690","targetHints":{"allow":["GET"]}}],"collection":[{"href":"https:\/\/www.lavras24horas.com.br\/portal\/wp-json\/wp\/v2\/posts"}],"about":[{"href":"https:\/\/www.lavras24horas.com.br\/portal\/wp-json\/wp\/v2\/types\/post"}],"author":[{"embeddable":true,"href":"https:\/\/www.lavras24horas.com.br\/portal\/wp-json\/wp\/v2\/users\/7"}],"replies":[{"embeddable":true,"href":"https:\/\/www.lavras24horas.com.br\/portal\/wp-json\/wp\/v2\/comments?post=248690"}],"version-history":[{"count":2,"href":"https:\/\/www.lavras24horas.com.br\/portal\/wp-json\/wp\/v2\/posts\/248690\/revisions"}],"predecessor-version":[{"id":248698,"href":"https:\/\/www.lavras24horas.com.br\/portal\/wp-json\/wp\/v2\/posts\/248690\/revisions\/248698"}],"wp:featuredmedia":[{"embeddable":true,"href":"https:\/\/www.lavras24horas.com.br\/portal\/wp-json\/wp\/v2\/media\/248691"}],"wp:attachment":[{"href":"https:\/\/www.lavras24horas.com.br\/portal\/wp-json\/wp\/v2\/media?parent=248690"}],"wp:term":[{"taxonomy":"category","embeddable":true,"href":"https:\/\/www.lavras24horas.com.br\/portal\/wp-json\/wp\/v2\/categories?post=248690"},{"taxonomy":"post_tag","embeddable":true,"href":"https:\/\/www.lavras24horas.com.br\/portal\/wp-json\/wp\/v2\/tags?post=248690"}],"curies":[{"name":"wp","href":"https:\/\/api.w.org\/{rel}","templated":true}]}}