{"id":248686,"date":"2019-09-18T07:00:26","date_gmt":"2019-09-18T10:00:26","guid":{"rendered":"https:\/\/www.lavras24horas.com.br\/portal\/?p=248686"},"modified":"2019-09-17T15:52:13","modified_gmt":"2019-09-17T18:52:13","slug":"governo-retoma-a-construcao-de-306-novas-vagas-no-presidio-de-alfenas","status":"publish","type":"post","link":"https:\/\/www.lavras24horas.com.br\/portal\/governo-retoma-a-construcao-de-306-novas-vagas-no-presidio-de-alfenas\/","title":{"rendered":"Governo retoma a constru\u00e7\u00e3o de 306 novas vagas no Pres\u00eddio de Alfenas"},"content":{"rendered":"<p style=\"text-align: justify;\">Previs\u00e3o \u00e9 de que obra do anexo da unidade prisional seja finalizada j\u00e1 no primeiro semestre de 2020, contribuindo para a diminui\u00e7\u00e3o da superlota\u00e7\u00e3o carcer\u00e1ria<\/p>\n<p style=\"text-align: justify;\">Mais 306 vagas devem incrementar o Sistema Prisional mineiro, at\u00e9 o fim do primeiro semestre do pr\u00f3ximo ano, com a finaliza\u00e7\u00e3o das obras do Anexo do Pres\u00eddio de Alfenas, no Sul de Minas. A ordem de servi\u00e7o para retomada das atividades nos canteiros foi assinada na segunda-feira (16\/9), em mais um esfor\u00e7o do Governo de Minas para diminuir a superlota\u00e7\u00e3o do sistema prisional \u2013 uma realidade em todo o pa\u00eds.<\/p>\n<p style=\"text-align: justify;\">O Estado conseguiu a libera\u00e7\u00e3o dos cerca de R$ 4 milh\u00f5es necess\u00e1rios para a conclus\u00e3o das obras que estavam paralisadas desde 2017. Os recursos s\u00e3o oriundos do Minist\u00e9rio da Justi\u00e7a e do Banco Nacional de Desenvolvimento Econ\u00f4mico e Social (BNDES), com contrapartida do governo estadual. O status atual da obra \u00e9 de 70%. Por isso, a garantia \u00e9 de que em at\u00e9 nove meses a nova estrutura do sistema prisional seja entregue. O gerenciamento est\u00e1 a cargo do Departamento de Edifica\u00e7\u00f5es e Estradas de Rodagem de Minas Gerais (DEER).<\/p>\n<p style=\"text-align: justify;\">Na \u00faltima semana, a Secretaria de Estado de Justi\u00e7a e Seguran\u00e7a P\u00fablica (Sejusp) anunciou a retomada de outras duas obras: Ub\u00e1, na Zona da Mata, e Iturama, no Tri\u00e2ngulo Mineiro, somando 766 vagas. O novo Pres\u00eddio de Ub\u00e1 ter\u00e1 capacidade para atender 388 custodiados e est\u00e1 com 50% da obra conclu\u00edda. J\u00e1 em Iturama, a obra est\u00e1 em 30% e a oferta de vagas ser\u00e1 a mesma: 388. Em ambos os casos, o investimento \u00e9 de cerca de R$ 25 milh\u00f5es, tamb\u00e9m oriundos do governo federal com contrapartida do governo estadual.<\/p>\n<p style=\"text-align: justify;\">\u201cA retomada das obras das unidades prisionais em Minas representa um grande avan\u00e7o para a sociedade, tanto na melhoria da cust\u00f3dia, quanto na ressocializa\u00e7\u00e3o dos presos. Passamos v\u00e1rios anos sem um investimento significativo, na abertura de novas vagas, e o sistema prisional hoje se encontra superlotado\u201d, destacou o secret\u00e1rio adjunto de Justi\u00e7a e Seguran\u00e7a P\u00fablica da Sejusp, Gustavo Tostes.<\/p>\n<p style=\"text-align: justify;\">A expectativa, agora, est\u00e1 na retomada da constru\u00e7\u00e3o de novas vagas em Itajub\u00e1, no Sul de Minas, e em Divin\u00f3polis, no Centro-Oeste. Juntas, as constru\u00e7\u00f5es somam outras 612 vagas em obras paralisadas em anos anteriores.<\/p>\n","protected":false},"excerpt":{"rendered":"<p>Previs\u00e3o \u00e9 de que obra do anexo da unidade prisional seja finalizada j\u00e1 no primeiro semestre de 2020, contribuindo para a diminui\u00e7\u00e3o da superlota\u00e7\u00e3o carcer\u00e1ria Mais 306 vagas devem incrementar o Sistema Prisional mineiro, at\u00e9 o fim do primeiro semestre do pr\u00f3ximo ano, com a finaliza\u00e7\u00e3o das obras do Anexo do Pres\u00eddio de Alfenas, no [&hellip;]<\/p>\n","protected":false},"author":7,"featured_media":248687,"comment_status":"closed","ping_status":"closed","sticky":false,"template":"","format":"standard","meta":{"advanced_seo_description":"","jetpack_seo_html_title":"","jetpack_seo_noindex":false,"_jetpack_memberships_contains_paid_content":false,"footnotes":""},"categories":[12,4],"tags":[467,466],"class_list":["post-248686","post","type-post","status-publish","format-standard","has-post-thumbnail","hentry","category-destaques-1","category-lavras","tag-automatico","tag-rascunho"],"jetpack_featured_media_url":"https:\/\/i0.wp.com\/www.lavras24horas.com.br\/portal\/wp-content\/uploads\/2019\/09\/Divulgacao-Sejusp-2-1.jpeg?fit=607%2C506&ssl=1","jetpack_sharing_enabled":true,"jetpack_likes_enabled":true,"jetpack_shortlink":"https:\/\/wp.me\/p12djN-12H4","_links":{"self":[{"href":"https:\/\/www.lavras24horas.com.br\/portal\/wp-json\/wp\/v2\/posts\/248686","targetHints":{"allow":["GET"]}}],"collection":[{"href":"https:\/\/www.lavras24horas.com.br\/portal\/wp-json\/wp\/v2\/posts"}],"about":[{"href":"https:\/\/www.lavras24horas.com.br\/portal\/wp-json\/wp\/v2\/types\/post"}],"author":[{"embeddable":true,"href":"https:\/\/www.lavras24horas.com.br\/portal\/wp-json\/wp\/v2\/users\/7"}],"replies":[{"embeddable":true,"href":"https:\/\/www.lavras24horas.com.br\/portal\/wp-json\/wp\/v2\/comments?post=248686"}],"version-history":[{"count":2,"href":"https:\/\/www.lavras24horas.com.br\/portal\/wp-json\/wp\/v2\/posts\/248686\/revisions"}],"predecessor-version":[{"id":248689,"href":"https:\/\/www.lavras24horas.com.br\/portal\/wp-json\/wp\/v2\/posts\/248686\/revisions\/248689"}],"wp:featuredmedia":[{"embeddable":true,"href":"https:\/\/www.lavras24horas.com.br\/portal\/wp-json\/wp\/v2\/media\/248687"}],"wp:attachment":[{"href":"https:\/\/www.lavras24horas.com.br\/portal\/wp-json\/wp\/v2\/media?parent=248686"}],"wp:term":[{"taxonomy":"category","embeddable":true,"href":"https:\/\/www.lavras24horas.com.br\/portal\/wp-json\/wp\/v2\/categories?post=248686"},{"taxonomy":"post_tag","embeddable":true,"href":"https:\/\/www.lavras24horas.com.br\/portal\/wp-json\/wp\/v2\/tags?post=248686"}],"curies":[{"name":"wp","href":"https:\/\/api.w.org\/{rel}","templated":true}]}}