{"id":248684,"date":"2019-09-18T07:00:49","date_gmt":"2019-09-18T10:00:49","guid":{"rendered":"https:\/\/www.lavras24horas.com.br\/portal\/?p=248684"},"modified":"2019-09-17T15:42:25","modified_gmt":"2019-09-17T18:42:25","slug":"seminario-regional-de-contabilidade-aplicada-ao-setor-publico-comeca-amanha-19","status":"publish","type":"post","link":"https:\/\/www.lavras24horas.com.br\/portal\/seminario-regional-de-contabilidade-aplicada-ao-setor-publico-comeca-amanha-19\/","title":{"rendered":"Semin\u00e1rio Regional de Contabilidade Aplicada ao Setor P\u00fablico come\u00e7a amanh\u00e3 (19)"},"content":{"rendered":"<p>&nbsp;<\/p>\n<p>&nbsp;<\/p>\n<p style=\"text-align: justify;\">A Associa\u00e7\u00e3o dos Munic\u00edpios da Microrregi\u00e3o do Alto Rio Grande ( AMALG) realiza a partir desta quinta-feira, dia 19, o II Semin\u00e1rio Regional de Contabilidade Aplicada ao Setor P\u00fablico. As inscri\u00e7\u00f5es para o semin\u00e1rio pode ser feitas no <a href=\"http:\/\/www.crcmg.org.br\/cursos\/eventos-por-tipo\/tipo-evento\/seminarios\/situacao\/para-realizar\"><span style=\"color: #ff0000;\"><strong>site do Conselho Regional de Contabilidade de Minas Gerais<\/strong><\/span><\/a>.<\/p>\n<p>O evento acontece nos dias 19 e 20, no Sal\u00e3o de Eventos do UNILAVRAS, Rua Padre Jos\u00e9 Poggel 506, Centen\u00e1rio. Interessados em participar podem obter mais informa\u00e7\u00f5es pelo telefone da Amalg: 3821-4566.<\/p>\n","protected":false},"excerpt":{"rendered":"<p>&nbsp; &nbsp; A Associa\u00e7\u00e3o dos Munic\u00edpios da Microrregi\u00e3o do Alto Rio Grande ( AMALG) realiza a partir desta quinta-feira, dia 19, o II Semin\u00e1rio Regional de Contabilidade Aplicada ao Setor P\u00fablico. As inscri\u00e7\u00f5es para o semin\u00e1rio pode ser feitas no site do Conselho Regional de Contabilidade de Minas Gerais. O evento acontece nos dias 19 [&hellip;]<\/p>\n","protected":false},"author":7,"featured_media":248155,"comment_status":"closed","ping_status":"closed","sticky":false,"template":"","format":"standard","meta":{"advanced_seo_description":"","jetpack_seo_html_title":"","jetpack_seo_noindex":false,"_jetpack_memberships_contains_paid_content":false,"footnotes":""},"categories":[13077,4],"tags":[467,466],"class_list":["post-248684","post","type-post","status-publish","format-standard","has-post-thumbnail","hentry","category-laterais-2","category-lavras","tag-automatico","tag-rascunho"],"jetpack_featured_media_url":"https:\/\/i0.wp.com\/www.lavras24horas.com.br\/portal\/wp-content\/uploads\/2019\/09\/12052017170246iStock503983598ContabilidadeAplicadaaoSetorPblico9704128128.jpg?fit=500%2C375&ssl=1","jetpack_sharing_enabled":true,"jetpack_likes_enabled":true,"jetpack_shortlink":"https:\/\/wp.me\/p12djN-12H2","_links":{"self":[{"href":"https:\/\/www.lavras24horas.com.br\/portal\/wp-json\/wp\/v2\/posts\/248684","targetHints":{"allow":["GET"]}}],"collection":[{"href":"https:\/\/www.lavras24horas.com.br\/portal\/wp-json\/wp\/v2\/posts"}],"about":[{"href":"https:\/\/www.lavras24horas.com.br\/portal\/wp-json\/wp\/v2\/types\/post"}],"author":[{"embeddable":true,"href":"https:\/\/www.lavras24horas.com.br\/portal\/wp-json\/wp\/v2\/users\/7"}],"replies":[{"embeddable":true,"href":"https:\/\/www.lavras24horas.com.br\/portal\/wp-json\/wp\/v2\/comments?post=248684"}],"version-history":[{"count":1,"href":"https:\/\/www.lavras24horas.com.br\/portal\/wp-json\/wp\/v2\/posts\/248684\/revisions"}],"predecessor-version":[{"id":248685,"href":"https:\/\/www.lavras24horas.com.br\/portal\/wp-json\/wp\/v2\/posts\/248684\/revisions\/248685"}],"wp:featuredmedia":[{"embeddable":true,"href":"https:\/\/www.lavras24horas.com.br\/portal\/wp-json\/wp\/v2\/media\/248155"}],"wp:attachment":[{"href":"https:\/\/www.lavras24horas.com.br\/portal\/wp-json\/wp\/v2\/media?parent=248684"}],"wp:term":[{"taxonomy":"category","embeddable":true,"href":"https:\/\/www.lavras24horas.com.br\/portal\/wp-json\/wp\/v2\/categories?post=248684"},{"taxonomy":"post_tag","embeddable":true,"href":"https:\/\/www.lavras24horas.com.br\/portal\/wp-json\/wp\/v2\/tags?post=248684"}],"curies":[{"name":"wp","href":"https:\/\/api.w.org\/{rel}","templated":true}]}}