{"id":248681,"date":"2019-09-17T13:03:22","date_gmt":"2019-09-17T16:03:22","guid":{"rendered":"https:\/\/www.lavras24horas.com.br\/portal\/?p=248681"},"modified":"2019-09-17T13:03:22","modified_gmt":"2019-09-17T16:03:22","slug":"trabalho-do-grupo-grupo-capoeirart-promove-esporte-e-lazer-em-lavras","status":"publish","type":"post","link":"https:\/\/www.lavras24horas.com.br\/portal\/trabalho-do-grupo-grupo-capoeirart-promove-esporte-e-lazer-em-lavras\/","title":{"rendered":"Trabalho do grupo Grupo Capoeirart promove esporte e lazer em Lavras"},"content":{"rendered":"<p>&nbsp;<\/p>\n<p>&nbsp;<\/p>\n<p style=\"text-align: justify;\"><strong>Lavras<\/strong> \u2013 Nas gra\u00e7as da capoeira muitas crian\u00e7as e adolescentes, tem\u00a0 oportunidade de interagir com a vida saud\u00e1vel. \u00a0A capoeira produz harmonia social e reconhecida\u00a0 fun\u00e7\u00e3o terap\u00eautica; a\u00a0 sua pr\u00e1tica tem a aprova\u00e7\u00e3o de psic\u00f3logos e educadores. O \u00a0\u00a0Grupo <strong>Capoeirart,<\/strong> muito atuante na comunidade lavrense, atende em v\u00e1rios n\u00facleos\u00a0 \u00a0na zona sul da cidade, expandindo suas atividades em outras cidades vizinhas. Mestre Mateus conta com o aux\u00edlio de sua equipe de graduados para desenvolver o trabalho do Grupo,\u00a0 Graduando Giovan\u00e3o, Graduando D\u00e9, Monitor Ricardo Br\u00e1s e Monitor Marquinho<\/p>\n<p style=\"text-align: justify;\">Formado em Educa\u00e7\u00e3o f\u00edsica desde de 2010 Mestre Mateus \u00e9\u00a0 tamb\u00e9m\u00a0 Professor do CRAS \/CREAS e desenvolve um trabalho\u00a0 de referenciamento no CRAS Santa Efig\u00eania com apoio da prefeitura Municipal de Lavras que a anos vem trazendo grandes resultados, resgatando jovens e fam\u00edlias\u00a0 por meio da Capoeira, sabendo que \u00e9\u00a0 uma forte ferramenta social e gera disciplina, respeito e educa\u00e7\u00e3o em todas idades e classes sociais.<\/p>\n<p style=\"text-align: justify;\">Na semana da p\u00e1tria a Capoeira Maia mais uma vez se apresentou na pra\u00e7a\u00a0 Augusto Silva,\u00a0 ap\u00f3s\u00a0 ser aplaudida no desfile c\u00edvico de 7 de setembro, houve tamb\u00e9m\u00a0 uma roda aberta realizada pelo Grupo Capoeirart da qual\u00a0 tivemos a honra da presen\u00e7a\u00a0 do Mestre Rog\u00e9rio um dos Mestres mais antigos da cidade que e\u00a0 que tamb\u00e9m\u00a0 organizam um movimento mensal em prol da Capoeira Lavrense.<\/p>\n","protected":false},"excerpt":{"rendered":"<p>&nbsp; &nbsp; Lavras \u2013 Nas gra\u00e7as da capoeira muitas crian\u00e7as e adolescentes, tem\u00a0 oportunidade de interagir com a vida saud\u00e1vel. \u00a0A capoeira produz harmonia social e reconhecida\u00a0 fun\u00e7\u00e3o terap\u00eautica; a\u00a0 sua pr\u00e1tica tem a aprova\u00e7\u00e3o de psic\u00f3logos e educadores. O \u00a0\u00a0Grupo Capoeirart, muito atuante na comunidade lavrense, atende em v\u00e1rios n\u00facleos\u00a0 \u00a0na zona sul da [&hellip;]<\/p>\n","protected":false},"author":7,"featured_media":248682,"comment_status":"closed","ping_status":"closed","sticky":false,"template":"","format":"standard","meta":{"advanced_seo_description":"","jetpack_seo_html_title":"","jetpack_seo_noindex":false,"_jetpack_memberships_contains_paid_content":false,"footnotes":""},"categories":[12,4],"tags":[467,466],"class_list":["post-248681","post","type-post","status-publish","format-standard","has-post-thumbnail","hentry","category-destaques-1","category-lavras","tag-automatico","tag-rascunho"],"jetpack_featured_media_url":"https:\/\/i0.wp.com\/www.lavras24horas.com.br\/portal\/wp-content\/uploads\/2019\/09\/736af549-0cf2-4655-a88e-06b2a5f55486.jpg?fit=500%2C300&ssl=1","jetpack_sharing_enabled":true,"jetpack_likes_enabled":true,"jetpack_shortlink":"https:\/\/wp.me\/p12djN-12GZ","_links":{"self":[{"href":"https:\/\/www.lavras24horas.com.br\/portal\/wp-json\/wp\/v2\/posts\/248681","targetHints":{"allow":["GET"]}}],"collection":[{"href":"https:\/\/www.lavras24horas.com.br\/portal\/wp-json\/wp\/v2\/posts"}],"about":[{"href":"https:\/\/www.lavras24horas.com.br\/portal\/wp-json\/wp\/v2\/types\/post"}],"author":[{"embeddable":true,"href":"https:\/\/www.lavras24horas.com.br\/portal\/wp-json\/wp\/v2\/users\/7"}],"replies":[{"embeddable":true,"href":"https:\/\/www.lavras24horas.com.br\/portal\/wp-json\/wp\/v2\/comments?post=248681"}],"version-history":[{"count":1,"href":"https:\/\/www.lavras24horas.com.br\/portal\/wp-json\/wp\/v2\/posts\/248681\/revisions"}],"predecessor-version":[{"id":248683,"href":"https:\/\/www.lavras24horas.com.br\/portal\/wp-json\/wp\/v2\/posts\/248681\/revisions\/248683"}],"wp:featuredmedia":[{"embeddable":true,"href":"https:\/\/www.lavras24horas.com.br\/portal\/wp-json\/wp\/v2\/media\/248682"}],"wp:attachment":[{"href":"https:\/\/www.lavras24horas.com.br\/portal\/wp-json\/wp\/v2\/media?parent=248681"}],"wp:term":[{"taxonomy":"category","embeddable":true,"href":"https:\/\/www.lavras24horas.com.br\/portal\/wp-json\/wp\/v2\/categories?post=248681"},{"taxonomy":"post_tag","embeddable":true,"href":"https:\/\/www.lavras24horas.com.br\/portal\/wp-json\/wp\/v2\/tags?post=248681"}],"curies":[{"name":"wp","href":"https:\/\/api.w.org\/{rel}","templated":true}]}}