{"id":248678,"date":"2019-09-17T12:52:41","date_gmt":"2019-09-17T15:52:41","guid":{"rendered":"https:\/\/www.lavras24horas.com.br\/portal\/?p=248678"},"modified":"2019-09-17T12:52:41","modified_gmt":"2019-09-17T15:52:41","slug":"por-diego-nascimento-quem-matou-jfk","status":"publish","type":"post","link":"https:\/\/www.lavras24horas.com.br\/portal\/por-diego-nascimento-quem-matou-jfk\/","title":{"rendered":"Por Diego Nascimento: Quem matou JFK?"},"content":{"rendered":"<p>&nbsp;<\/p>\n<p>&nbsp;<\/p>\n<p style=\"text-align: justify;\"><strong>Quem matou JFK?<\/strong><\/p>\n<p style=\"text-align: justify;\"><strong>Por Diego Nascimento<\/strong><\/p>\n<p style=\"text-align: justify;\">Dallas, Texas. No final da manh\u00e3 de 22 de novembro de 1963, a comitiva do ent\u00e3o presidente John Fitzgerald Kennedy (JFK) avan\u00e7ava por diversas ruas e avenidas da capital texana. O povo estava ansioso para saudar o homem que herdara o DNA pol\u00edtico de sua fam\u00edlia. Mal sabiam que era uma despedida. Horas depois, ao descer a Rua Elm &#8211; Dealey Plaza, John Kennedy entraria para a hist\u00f3ria como sendo mais um presidente norte-americano assassinado em pleno mandato.<\/p>\n<p style=\"text-align: justify;\">Cinquenta anos depois daquele fat\u00eddico dia voei para Dallas, nos Estados Unidos, onde pessoalmente visitei e estudei os locais envolvidos na trag\u00e9dia. Acompanhado de meu amigo Dr. Lou H Campbell, refiz a rota da comitiva de Kennedy desde Fort Worth at\u00e9 o Parkland Memorial Hospital, local que atendeu o presidente ap\u00f3s o atentado. Mesmo com a r\u00e1pida pris\u00e3o de Lee Harvey Oswald, apontado como principal suspeito pelo assassinato de JFK, muitos questionamentos e teorias da conspira\u00e7\u00e3o surgem a todo instante (principalmente ap\u00f3s Lee Oswald ter sido morto dois dias depois, diante das c\u00e2meras, por Jack Ruby).<\/p>\n<p style=\"text-align: justify;\">Desde que comecei a estudar o caso JFK a fundo, percebi que espalhar boatos \u00e9 uma atitude degradante e que ainda marca presen\u00e7a em coment\u00e1rios maldosos a respeito, por exemplo, da vida familiar do presidente. Muitos \u201ccuriosos de plant\u00e3o\u201d, na tentativa de desvendar o enigma daquela tarde de novembro de 1963, acabam por conceber ideias absurdas capazes de prejudicar at\u00e9 mesmo os entes queridos que j\u00e1 est\u00e3o sofrendo ao extremo. Quem j\u00e1 n\u00e3o passou por uma experi\u00eancia assim? Eu j\u00e1 testemunhei v\u00e1rias. Uma delas est\u00e1 ligada ao momento pol\u00edtico do Brasil. O atual presidente, durante a campanha eleitoral em 2018, foi esfaqueado enquanto fazia um com\u00edcio no interior do pa\u00eds. T\u00e3o logo as imagens come\u00e7aram a ser compartilhadas em redes sociais e transmitidas em todos os canais de TV, in\u00fameros coment\u00e1rios come\u00e7aram a surgir, alegando que o candidato havia forjado um atentado na tentativa de sensibilizar seus eleitores. Mais tarde, uma profunda investiga\u00e7\u00e3o conduzida pela Pol\u00edcia Federal constatou que o suspeito agiu sozinho. Mesmo ap\u00f3s a conclus\u00e3o do inqu\u00e9rito, muita criatividade ainda perfaz o imagin\u00e1rio de algumas pessoas.<\/p>\n<p style=\"text-align: justify;\">Vivemos em um mundo ca\u00f3tico e sinto dizer que os desafios se tornar\u00e3o ainda mais constantes. Se engana quem pensa que os boatos acontecem apenas em trag\u00e9dias. \u00a0Os ambientes familiar e corporativo, por exemplo, est\u00e3o cheios de gente que adora levantar suspeitas apenas para ver o \u201ccirco pegar fogo.\u201d Certa vez, uma das funcion\u00e1rias de uma grande empresa veio at\u00e9 mim em prantos dizendo que o clima organizacional estava insustent\u00e1vel e que ela se sentia exclu\u00edda do grupo. Tomei a liberdade de apurar o contexto e, por incr\u00edvel que pare\u00e7a, a jovem estava sendo v\u00edtima de um boato feito por outra colega de trabalho que, maldosamente, espalhou uma not\u00edcia falsa sem antes saber o que realmente estava acontecendo.<\/p>\n<p style=\"text-align: justify;\">Por fim, devemos ter todo o cuidado com o que fazemos, falamos e pensamos. Nossa mente \u00e9 f\u00e9rtil e, sem a devida sensibilidade e bom senso, podemos estar no meio de boatos que jamais deveriam existir. O livro de Prov\u00e9rbios, cap\u00edtulo 16, verso 28 diz:\u00a0<em>\u201cO homem perverso instiga a contenda, e o intrigante separa os maiores amigos.\u201d<\/em>\u00a0J\u00e1 o cap\u00edtulo 23 do livro de \u00caxodo inicia com a seguinte advert\u00eancia:\u00a0<em>\u201cN\u00e3o espalhe not\u00edcias falsas&#8230;\u201d<\/em><\/p>\n<p style=\"text-align: justify;\">E voc\u00ea? De que lado est\u00e1?<\/p>\n<p style=\"text-align: justify;\">Nos vemos no pr\u00f3ximo artigo.<\/p>\n","protected":false},"excerpt":{"rendered":"<p>&nbsp; &nbsp; Quem matou JFK? Por Diego Nascimento Dallas, Texas. No final da manh\u00e3 de 22 de novembro de 1963, a comitiva do ent\u00e3o presidente John Fitzgerald Kennedy (JFK) avan\u00e7ava por diversas ruas e avenidas da capital texana. O povo estava ansioso para saudar o homem que herdara o DNA pol\u00edtico de sua fam\u00edlia. Mal [&hellip;]<\/p>\n","protected":false},"author":7,"featured_media":248679,"comment_status":"closed","ping_status":"closed","sticky":false,"template":"","format":"standard","meta":{"advanced_seo_description":"","jetpack_seo_html_title":"","jetpack_seo_noindex":false,"_jetpack_memberships_contains_paid_content":false,"footnotes":""},"categories":[14,4],"tags":[467,466],"class_list":["post-248678","post","type-post","status-publish","format-standard","has-post-thumbnail","hentry","category-destaques-2","category-lavras","tag-automatico","tag-rascunho"],"jetpack_featured_media_url":"https:\/\/i0.wp.com\/www.lavras24horas.com.br\/portal\/wp-content\/uploads\/2019\/09\/diego-oficial-2.jpg?fit=500%2C338&ssl=1","jetpack_sharing_enabled":true,"jetpack_likes_enabled":true,"_links":{"self":[{"href":"https:\/\/www.lavras24horas.com.br\/portal\/wp-json\/wp\/v2\/posts\/248678","targetHints":{"allow":["GET"]}}],"collection":[{"href":"https:\/\/www.lavras24horas.com.br\/portal\/wp-json\/wp\/v2\/posts"}],"about":[{"href":"https:\/\/www.lavras24horas.com.br\/portal\/wp-json\/wp\/v2\/types\/post"}],"author":[{"embeddable":true,"href":"https:\/\/www.lavras24horas.com.br\/portal\/wp-json\/wp\/v2\/users\/7"}],"replies":[{"embeddable":true,"href":"https:\/\/www.lavras24horas.com.br\/portal\/wp-json\/wp\/v2\/comments?post=248678"}],"version-history":[{"count":1,"href":"https:\/\/www.lavras24horas.com.br\/portal\/wp-json\/wp\/v2\/posts\/248678\/revisions"}],"predecessor-version":[{"id":248680,"href":"https:\/\/www.lavras24horas.com.br\/portal\/wp-json\/wp\/v2\/posts\/248678\/revisions\/248680"}],"wp:featuredmedia":[{"embeddable":true,"href":"https:\/\/www.lavras24horas.com.br\/portal\/wp-json\/wp\/v2\/media\/248679"}],"wp:attachment":[{"href":"https:\/\/www.lavras24horas.com.br\/portal\/wp-json\/wp\/v2\/media?parent=248678"}],"wp:term":[{"taxonomy":"category","embeddable":true,"href":"https:\/\/www.lavras24horas.com.br\/portal\/wp-json\/wp\/v2\/categories?post=248678"},{"taxonomy":"post_tag","embeddable":true,"href":"https:\/\/www.lavras24horas.com.br\/portal\/wp-json\/wp\/v2\/tags?post=248678"}],"curies":[{"name":"wp","href":"https:\/\/api.w.org\/{rel}","templated":true}]}}