{"id":248660,"date":"2019-09-17T07:00:33","date_gmt":"2019-09-17T10:00:33","guid":{"rendered":"https:\/\/www.lavras24horas.com.br\/portal\/?p=248660"},"modified":"2019-09-16T16:18:58","modified_gmt":"2019-09-16T19:18:58","slug":"equideocultura-e-equinocultura-ganharam-eventos-na-ufla","status":"publish","type":"post","link":"https:\/\/www.lavras24horas.com.br\/portal\/equideocultura-e-equinocultura-ganharam-eventos-na-ufla\/","title":{"rendered":"Equideocultura e Equinocultura ganharam eventos na UFLA"},"content":{"rendered":"<p>&nbsp;<\/p>\n<p>&nbsp;<\/p>\n<p style=\"text-align: justify;\">Nos dias 13 e 14\/9, foram realizados, na Universidade Federal de Lavras (UFLA), a I Confer\u00eancia Internacional sobre Equideocultura e o III Simp\u00f3sio Mineiro de Equinocultura. Os eventos foram organizados pelo N\u00facleo de Estudos em Equideocultura (Nequi), vinculado ao Departamento de Zootecnia (DZO\/UFLA).\u00a0O tema central das atividades foi \u201cO cavalo brasileiro no s\u00e9culo XXI\u201d.<\/p>\n<p style=\"text-align: justify;\">Foram realizadas nove palestras e o evento contou com a presen\u00e7a de profissionais ligados \u00e0 UFLA e a institui\u00e7\u00f5es externas.\u00a0A primeira palestra do dia 13\/9 foi proferida pela professora Raquel Silva Moura,\u00a0 do Departamento de Zootecnia da UFLA. A docente falou sobre \u201cDoen\u00e7a da cara inchada ? Mito ou verdade\u201d.\u00a0 J\u00e1 no dia 14\/9, a professora da Rugters dos Estados Unidos Carey A. Williams, bacharel em Ci\u00eancias Equinas, falou sobre \u201cSuplementos Diet\u00e9ticos para Cavalos de Esporte\u201d.<\/p>\n<p style=\"text-align: justify;\">Para o doutorando em Zootecnia da UFLA e um dos organizadores, Felipe Amorim Caetano de Souza, \u201cos eventos s\u00e3o importantes porque integram os produtores de equinos com o meio acad\u00eamico, al\u00e9m de propiciarem a troca de experi\u00eancias e informa\u00e7\u00f5es\u201d<\/p>\n<p style=\"text-align: justify;\">Al\u00e9m da sess\u00f5es tem\u00e1ticas, os participantes tiveram a oportunidade de apresentar trabalhos cient\u00edficos, de extens\u00e3o ou relatos de caso no formato de p\u00f4steres durante o evento.<\/p>\n<p style=\"text-align: justify;\">A mesa de honra da abertura dos eventos foi composta pelo assessor do reitor para Assuntos de Parcerias, professor Ant\u00f4nio Nazareno Guimar\u00e3es Mendes, pelo chefe do Departamento de Zootecnia, professor Carlos Eduardo do Prado Saad, pelo representante do Consellho Regional de Medicina Veterin\u00e1ria, o m\u00e9dico veterin\u00e1rio Jos\u00e9 Carlos Pontello, pela coordenadora do Nequi e do evento, professora Raquel Silva de Moura, pelo coordenador geral do Nequi e discente Gabriel de Souza Lemos e pelo professor do Departamento de Zootecnia Tiago Fernandes Bernardes.<\/p>\n<p style=\"text-align: justify;\"><strong>Texto: Melissa Vilas Boas, rela\u00e7\u00f5es p\u00fablicas &#8211; bolsista Dcom\/Fapemig.<\/strong><\/p>\n","protected":false},"excerpt":{"rendered":"<p>&nbsp; &nbsp; Nos dias 13 e 14\/9, foram realizados, na Universidade Federal de Lavras (UFLA), a I Confer\u00eancia Internacional sobre Equideocultura e o III Simp\u00f3sio Mineiro de Equinocultura. Os eventos foram organizados pelo N\u00facleo de Estudos em Equideocultura (Nequi), vinculado ao Departamento de Zootecnia (DZO\/UFLA).\u00a0O tema central das atividades foi \u201cO cavalo brasileiro no s\u00e9culo [&hellip;]<\/p>\n","protected":false},"author":7,"featured_media":248661,"comment_status":"closed","ping_status":"closed","sticky":false,"template":"","format":"standard","meta":{"advanced_seo_description":"","jetpack_seo_html_title":"","jetpack_seo_noindex":false,"_jetpack_memberships_contains_paid_content":false,"footnotes":""},"categories":[13077,4],"tags":[467,466],"class_list":["post-248660","post","type-post","status-publish","format-standard","has-post-thumbnail","hentry","category-laterais-2","category-lavras","tag-automatico","tag-rascunho"],"jetpack_featured_media_url":"https:\/\/i0.wp.com\/www.lavras24horas.com.br\/portal\/wp-content\/uploads\/2019\/09\/Sem-titulo-3.jpg?fit=639%2C427&ssl=1","jetpack_sharing_enabled":true,"jetpack_likes_enabled":true,"_links":{"self":[{"href":"https:\/\/www.lavras24horas.com.br\/portal\/wp-json\/wp\/v2\/posts\/248660","targetHints":{"allow":["GET"]}}],"collection":[{"href":"https:\/\/www.lavras24horas.com.br\/portal\/wp-json\/wp\/v2\/posts"}],"about":[{"href":"https:\/\/www.lavras24horas.com.br\/portal\/wp-json\/wp\/v2\/types\/post"}],"author":[{"embeddable":true,"href":"https:\/\/www.lavras24horas.com.br\/portal\/wp-json\/wp\/v2\/users\/7"}],"replies":[{"embeddable":true,"href":"https:\/\/www.lavras24horas.com.br\/portal\/wp-json\/wp\/v2\/comments?post=248660"}],"version-history":[{"count":1,"href":"https:\/\/www.lavras24horas.com.br\/portal\/wp-json\/wp\/v2\/posts\/248660\/revisions"}],"predecessor-version":[{"id":248662,"href":"https:\/\/www.lavras24horas.com.br\/portal\/wp-json\/wp\/v2\/posts\/248660\/revisions\/248662"}],"wp:featuredmedia":[{"embeddable":true,"href":"https:\/\/www.lavras24horas.com.br\/portal\/wp-json\/wp\/v2\/media\/248661"}],"wp:attachment":[{"href":"https:\/\/www.lavras24horas.com.br\/portal\/wp-json\/wp\/v2\/media?parent=248660"}],"wp:term":[{"taxonomy":"category","embeddable":true,"href":"https:\/\/www.lavras24horas.com.br\/portal\/wp-json\/wp\/v2\/categories?post=248660"},{"taxonomy":"post_tag","embeddable":true,"href":"https:\/\/www.lavras24horas.com.br\/portal\/wp-json\/wp\/v2\/tags?post=248660"}],"curies":[{"name":"wp","href":"https:\/\/api.w.org\/{rel}","templated":true}]}}