{"id":248646,"date":"2019-09-16T13:53:14","date_gmt":"2019-09-16T16:53:14","guid":{"rendered":"https:\/\/www.lavras24horas.com.br\/portal\/?p=248646"},"modified":"2019-09-16T13:53:14","modified_gmt":"2019-09-16T16:53:14","slug":"policia-registra-dois-casos-de-pedofilia-em-lavras-e-regiao-em-menos-de-15-dias","status":"publish","type":"post","link":"https:\/\/www.lavras24horas.com.br\/portal\/policia-registra-dois-casos-de-pedofilia-em-lavras-e-regiao-em-menos-de-15-dias\/","title":{"rendered":"Pol\u00edcia registra dois casos de pedofilia em Lavras e regi\u00e3o em menos de 15 dias"},"content":{"rendered":"<p>&nbsp;<\/p>\n<p>&nbsp;<\/p>\n<p style=\"text-align: justify;\">A Pol\u00edcia Civil do Estado de Minas Gerais, por interm\u00e9dio da 1\u00aa Delegacia Regional de Lavras, prendeu dois suspeitos de praticarem o crime de abuso sexual contra menores de idade.<\/p>\n<p style=\"text-align: justify;\">De acordo com a Pol\u00edcia Civil, o primeiro caso aconteceu na cidade de Ijaci, no dia 11, quando houve a pris\u00e3o de um produtor rural por suspeita de abusar sexualmente de uma menina de 10 anos. A pol\u00edcia investiga tamb\u00e9m se houve participa\u00e7\u00e3o no crime do irm\u00e3o da v\u00edtima e outros dois suspeitos. O homem foi preso.<\/p>\n<p style=\"text-align: justify;\">Dois menores, de 11 e 12 anos, tamb\u00e9m sofreram abuso sexual em Lavras no \u00faltimo dia 15. Segundo a pol\u00edcia, o crime aconteceu em um clube da cidade. O suspeito, um homem de 43 anos, teria passado as m\u00e3os nas partes intimas das v\u00edtimas. A pol\u00edcia informou que ela estava alcoolizado no momento do ato. Ele foi preso e aguarda julgamento.<\/p>\n<figure id=\"attachment_248647\" aria-describedby=\"caption-attachment-248647\" style=\"width: 500px\" class=\"wp-caption aligncenter\"><img data-recalc-dims=\"1\" fetchpriority=\"high\" decoding=\"async\" data-attachment-id=\"248647\" data-permalink=\"https:\/\/www.lavras24horas.com.br\/portal\/policia-registra-dois-casos-de-pedofilia-em-lavras-e-regiao-em-menos-de-15-dias\/830a5791-10a0-4643-b2bd-81e0efba6fce\/\" data-orig-file=\"https:\/\/i0.wp.com\/www.lavras24horas.com.br\/portal\/wp-content\/uploads\/2019\/09\/830a5791-10a0-4643-b2bd-81e0efba6fce.jpg?fit=500%2C375&amp;ssl=1\" data-orig-size=\"500,375\" data-comments-opened=\"0\" data-image-meta=\"{&quot;aperture&quot;:&quot;0&quot;,&quot;credit&quot;:&quot;&quot;,&quot;camera&quot;:&quot;&quot;,&quot;caption&quot;:&quot;&quot;,&quot;created_timestamp&quot;:&quot;0&quot;,&quot;copyright&quot;:&quot;&quot;,&quot;focal_length&quot;:&quot;0&quot;,&quot;iso&quot;:&quot;0&quot;,&quot;shutter_speed&quot;:&quot;0&quot;,&quot;title&quot;:&quot;&quot;,&quot;orientation&quot;:&quot;0&quot;}\" data-image-title=\"830a5791-10a0-4643-b2bd-81e0efba6fce\" data-image-description=\"\" data-image-caption=\"&lt;p&gt;\u201cA maioria dos casos de abusos sexual contra menores de idade s\u00e3o praticados por pessoas da fam\u00edlia ou por pessoas pr\u00f3ximas. Nestes casos as v\u00edtimas costumam apresentar mudan\u00e7as de comportamento em casa e na escola. Muitas vezes ficam agressivas e retra\u00eddas. Os familiares precisam saber perceber estes sinais\u201d, afirmou Dra. Ana Paula Arruda.&lt;\/p&gt;\n\" data-large-file=\"https:\/\/i0.wp.com\/www.lavras24horas.com.br\/portal\/wp-content\/uploads\/2019\/09\/830a5791-10a0-4643-b2bd-81e0efba6fce.jpg?fit=440%2C330&amp;ssl=1\" class=\"wp-image-248647 size-full\" src=\"https:\/\/i0.wp.com\/www.lavras24horas.com.br\/portal\/wp-content\/uploads\/2019\/09\/830a5791-10a0-4643-b2bd-81e0efba6fce.jpg?resize=500%2C375&#038;ssl=1\" alt=\"\" width=\"500\" height=\"375\" srcset=\"https:\/\/i0.wp.com\/www.lavras24horas.com.br\/portal\/wp-content\/uploads\/2019\/09\/830a5791-10a0-4643-b2bd-81e0efba6fce.jpg?w=500&amp;ssl=1 500w, https:\/\/i0.wp.com\/www.lavras24horas.com.br\/portal\/wp-content\/uploads\/2019\/09\/830a5791-10a0-4643-b2bd-81e0efba6fce.jpg?resize=440%2C330&amp;ssl=1 440w\" sizes=\"(max-width: 500px) 100vw, 500px\" \/><figcaption id=\"caption-attachment-248647\" class=\"wp-caption-text\">\u201cA maioria dos casos de abusos sexual contra menores de idade s\u00e3o praticados por pessoas da fam\u00edlia ou por pessoas pr\u00f3ximas. Nestes casos as v\u00edtimas costumam apresentar mudan\u00e7as de comportamento em casa e na escola. Muitas vezes ficam agressivas e retra\u00eddas. Os familiares precisam saber perceber estes sinais\u201d, afirmou Dra. Ana Paula Arruda.<\/figcaption><\/figure>\n<p>&nbsp;<\/p>\n<p style=\"text-align: justify;\">Em ambos os casos, caso condenados pela Justi\u00e7a, os suspeitos podem pegar at\u00e9 15 anos de pris\u00e3o. \u00a0\u00a0A delegada Dra. Ana Paula Arruda informou que os pais precisam ficar atentos com rela\u00e7\u00e3o ao comportamento dos filhos em casos de pedofilia.<\/p>\n<p style=\"text-align: justify;\">\u201cA maioria dos casos de abusos sexual contra menores de idade s\u00e3o praticados por pessoas da fam\u00edlia ou por pessoas pr\u00f3ximas. Nestes casos as v\u00edtimas costumam apresentar mudan\u00e7as de comportamento em casa e na escola. Muitas vezes ficam agressivas e retra\u00eddas. Os familiares precisam saber perceber estes sinais\u201d, afirmou Dra. Ana Paula Arruda.<\/p>\n<p style=\"text-align: justify;\">A delegada orientou as pessoas a procurarem 1\u00aa Delegacia Regional de Lavras quando casos dessa natureza ocorrem. Ele informou que as vitimas recebem atendimento psicol\u00f3gico especializado. O telefone da delegacia \u00e9 (35) 3694 -2146.<\/p>\n","protected":false},"excerpt":{"rendered":"<p>&nbsp; &nbsp; A Pol\u00edcia Civil do Estado de Minas Gerais, por interm\u00e9dio da 1\u00aa Delegacia Regional de Lavras, prendeu dois suspeitos de praticarem o crime de abuso sexual contra menores de idade. De acordo com a Pol\u00edcia Civil, o primeiro caso aconteceu na cidade de Ijaci, no dia 11, quando houve a pris\u00e3o de um [&hellip;]<\/p>\n","protected":false},"author":7,"featured_media":248648,"comment_status":"closed","ping_status":"closed","sticky":false,"template":"","format":"standard","meta":{"advanced_seo_description":"","jetpack_seo_html_title":"","jetpack_seo_noindex":false,"_jetpack_memberships_contains_paid_content":false,"footnotes":""},"categories":[12,4],"tags":[467,466],"class_list":["post-248646","post","type-post","status-publish","format-standard","has-post-thumbnail","hentry","category-destaques-1","category-lavras","tag-automatico","tag-rascunho"],"jetpack_featured_media_url":"https:\/\/i0.wp.com\/www.lavras24horas.com.br\/portal\/wp-content\/uploads\/2019\/09\/fd9f3bef-b37d-428b-8731-67cfd611bee9-Copia.jpg?fit=500%2C375&ssl=1","jetpack_sharing_enabled":true,"jetpack_likes_enabled":true,"_links":{"self":[{"href":"https:\/\/www.lavras24horas.com.br\/portal\/wp-json\/wp\/v2\/posts\/248646","targetHints":{"allow":["GET"]}}],"collection":[{"href":"https:\/\/www.lavras24horas.com.br\/portal\/wp-json\/wp\/v2\/posts"}],"about":[{"href":"https:\/\/www.lavras24horas.com.br\/portal\/wp-json\/wp\/v2\/types\/post"}],"author":[{"embeddable":true,"href":"https:\/\/www.lavras24horas.com.br\/portal\/wp-json\/wp\/v2\/users\/7"}],"replies":[{"embeddable":true,"href":"https:\/\/www.lavras24horas.com.br\/portal\/wp-json\/wp\/v2\/comments?post=248646"}],"version-history":[{"count":1,"href":"https:\/\/www.lavras24horas.com.br\/portal\/wp-json\/wp\/v2\/posts\/248646\/revisions"}],"predecessor-version":[{"id":248649,"href":"https:\/\/www.lavras24horas.com.br\/portal\/wp-json\/wp\/v2\/posts\/248646\/revisions\/248649"}],"wp:featuredmedia":[{"embeddable":true,"href":"https:\/\/www.lavras24horas.com.br\/portal\/wp-json\/wp\/v2\/media\/248648"}],"wp:attachment":[{"href":"https:\/\/www.lavras24horas.com.br\/portal\/wp-json\/wp\/v2\/media?parent=248646"}],"wp:term":[{"taxonomy":"category","embeddable":true,"href":"https:\/\/www.lavras24horas.com.br\/portal\/wp-json\/wp\/v2\/categories?post=248646"},{"taxonomy":"post_tag","embeddable":true,"href":"https:\/\/www.lavras24horas.com.br\/portal\/wp-json\/wp\/v2\/tags?post=248646"}],"curies":[{"name":"wp","href":"https:\/\/api.w.org\/{rel}","templated":true}]}}