{"id":248644,"date":"2019-09-16T12:09:38","date_gmt":"2019-09-16T15:09:38","guid":{"rendered":"https:\/\/www.lavras24horas.com.br\/portal\/?p=248644"},"modified":"2019-09-17T08:09:45","modified_gmt":"2019-09-17T11:09:45","slug":"terca-feira-17-09-2019","status":"publish","type":"post","link":"https:\/\/www.lavras24horas.com.br\/portal\/terca-feira-17-09-2019\/","title":{"rendered":"Ter\u00e7a &#8211; Feira (17\/09\/2019)"},"content":{"rendered":"<p><strong><em>Nome: MARIA AUGUSTA EMERENCIANO \u00a0\u00a0\u00a0\u00a0\u00a0\u00a0\u00a0\u00a0\u00a0\u00a0\u00a0\u00a0\u00a0\u00a0\u00a0\u00a0\u00a0\u00a0\u00a0\u00a0\u00a0\u00a0\u00a0\u00a0\u00a0\u00a0\u00a0<\/em><\/strong><\/p>\n<p><em>Velada no Vel\u00f3rio Sagrada Fam\u00edlia<\/em><\/p>\n<p><em>Sepultamento dia 17\/09\/2019 \u00e0s 10h<\/em><\/p>\n<p><em>Cemit\u00e9rio Paroquial Saudade <\/em><\/p>\n<p><em>Fonte: Administra\u00e7\u00e3o dos Cemit\u00e9rios<\/em><\/p>\n<p>&nbsp;<\/p>\n<p><strong><em>Nome: TEREZINHA DAS DORES BERNARDO\u00a0 \u00a0 \u00a0 \u00a0 \u00a0 \u00a0 \u00a0 \u00a0 \u00a0 \u00a0 \u00a0 \u00a0 \u00a0 \u00a0\u00a0<\/em><\/strong><\/p>\n<p><em>Velada no Vel\u00f3rio Sagrada Fam\u00edlia<\/em><\/p>\n<p><em>Sepultamento dia 17\/09\/2019 \u00e0s 10h30<\/em><\/p>\n<p><em>Cemit\u00e9rio Paroquial Saudade <\/em><\/p>\n<p><em>Fonte: Administra\u00e7\u00e3o dos Cemit\u00e9rios<\/em><\/p>\n","protected":false},"excerpt":{"rendered":"<p>Nome: MARIA AUGUSTA EMERENCIANO \u00a0\u00a0\u00a0\u00a0\u00a0\u00a0\u00a0\u00a0\u00a0\u00a0\u00a0\u00a0\u00a0\u00a0\u00a0\u00a0\u00a0\u00a0\u00a0\u00a0\u00a0\u00a0\u00a0\u00a0\u00a0\u00a0\u00a0 Velada no Vel\u00f3rio Sagrada Fam\u00edlia Sepultamento dia 17\/09\/2019 \u00e0s 10h Cemit\u00e9rio Paroquial Saudade Fonte: Administra\u00e7\u00e3o dos Cemit\u00e9rios &nbsp; Nome: TEREZINHA DAS DORES BERNARDO\u00a0 \u00a0 \u00a0 \u00a0 \u00a0 \u00a0 \u00a0 \u00a0 \u00a0 \u00a0 \u00a0 \u00a0 \u00a0 \u00a0\u00a0 Velada no Vel\u00f3rio Sagrada Fam\u00edlia Sepultamento dia 17\/09\/2019 \u00e0s 10h30 Cemit\u00e9rio Paroquial Saudade Fonte: [&hellip;]<\/p>\n","protected":false},"author":7,"featured_media":0,"comment_status":"closed","ping_status":"closed","sticky":false,"template":"","format":"standard","meta":{"advanced_seo_description":"","jetpack_seo_html_title":"","jetpack_seo_noindex":false,"_jetpack_memberships_contains_paid_content":false,"footnotes":""},"categories":[1495],"tags":[467,466],"class_list":["post-248644","post","type-post","status-publish","format-standard","hentry","category-obituario-2","tag-automatico","tag-rascunho"],"jetpack_featured_media_url":"","jetpack_sharing_enabled":true,"jetpack_likes_enabled":true,"_links":{"self":[{"href":"https:\/\/www.lavras24horas.com.br\/portal\/wp-json\/wp\/v2\/posts\/248644","targetHints":{"allow":["GET"]}}],"collection":[{"href":"https:\/\/www.lavras24horas.com.br\/portal\/wp-json\/wp\/v2\/posts"}],"about":[{"href":"https:\/\/www.lavras24horas.com.br\/portal\/wp-json\/wp\/v2\/types\/post"}],"author":[{"embeddable":true,"href":"https:\/\/www.lavras24horas.com.br\/portal\/wp-json\/wp\/v2\/users\/7"}],"replies":[{"embeddable":true,"href":"https:\/\/www.lavras24horas.com.br\/portal\/wp-json\/wp\/v2\/comments?post=248644"}],"version-history":[{"count":2,"href":"https:\/\/www.lavras24horas.com.br\/portal\/wp-json\/wp\/v2\/posts\/248644\/revisions"}],"predecessor-version":[{"id":248672,"href":"https:\/\/www.lavras24horas.com.br\/portal\/wp-json\/wp\/v2\/posts\/248644\/revisions\/248672"}],"wp:attachment":[{"href":"https:\/\/www.lavras24horas.com.br\/portal\/wp-json\/wp\/v2\/media?parent=248644"}],"wp:term":[{"taxonomy":"category","embeddable":true,"href":"https:\/\/www.lavras24horas.com.br\/portal\/wp-json\/wp\/v2\/categories?post=248644"},{"taxonomy":"post_tag","embeddable":true,"href":"https:\/\/www.lavras24horas.com.br\/portal\/wp-json\/wp\/v2\/tags?post=248644"}],"curies":[{"name":"wp","href":"https:\/\/api.w.org\/{rel}","templated":true}]}}