{"id":248625,"date":"2019-09-15T15:04:50","date_gmt":"2019-09-15T18:04:50","guid":{"rendered":"https:\/\/www.lavras24horas.com.br\/portal\/?p=248625"},"modified":"2019-09-15T15:15:04","modified_gmt":"2019-09-15T18:15:04","slug":"tjmg-abre-selecao-para-estagiarios-na-regiao","status":"publish","type":"post","link":"https:\/\/www.lavras24horas.com.br\/portal\/tjmg-abre-selecao-para-estagiarios-na-regiao\/","title":{"rendered":"TJMG abre sele\u00e7\u00e3o para estagi\u00e1rios na regi\u00e3o"},"content":{"rendered":"<p>&nbsp;<\/p>\n<p>&nbsp;<\/p>\n<p>Confira as comarcas que est\u00e3o com edital de sele\u00e7\u00e3o de estagi\u00e1rios publicado:<\/p>\n<p>&#8211; Aimor\u00e9s: inscri\u00e7\u00f5es entre 17\/9 e 27\/9\/2019<\/p>\n<p>&#8211; Al\u00e9m-Para\u00edba: inscri\u00e7\u00f5es at\u00e9 23\/9\/2019<\/p>\n<p>&#8211; Andrel\u00e2ndia (p\u00f3s-gradua\u00e7\u00e3o): inscri\u00e7\u00f5es entre 16\/9 e 27\/9\/2019<\/p>\n<p>&#8211;<strong> Boa Esperan\u00e7a<\/strong> (gradua\u00e7\u00e3o e p\u00f3s-gradua\u00e7\u00e3o): inscri\u00e7\u00f5es entre 30\/9 e 10\/10\/2019<\/p>\n<p>&#8211; Cambuquira: inscri\u00e7\u00f5es entre 1\u00ba\/10 e 10\/10\/2019<\/p>\n<p>&#8211; Capelinha: inscri\u00e7\u00f5es at\u00e9 18\/9\/2019<\/p>\n<p>&#8211; Caratinga: inscri\u00e7\u00f5es at\u00e9 20\/9\/2019<\/p>\n<p>&#8211; Cataguases: inscri\u00e7\u00f5es at\u00e9 27\/9\/2019<\/p>\n<p>&#8211; <strong>Formiga<\/strong> (p\u00f3s-gradua\u00e7\u00e3o): inscri\u00e7\u00f5es at\u00e9 16\/9\/2019<\/p>\n<p style=\"text-align: justify;\">&#8211; Ita\u00fana: inscri\u00e7\u00f5es at\u00e9 20\/9\/2019<\/p>\n<p style=\"text-align: justify;\">&#8211; Jaboticatubas (gradua\u00e7\u00e3o e p\u00f3s-gradua\u00e7\u00e3o): inscri\u00e7\u00f5es entre 16\/9 e 20\/9\/2019<\/p>\n<p style=\"text-align: justify;\">&#8211; Jacinto: inscri\u00e7\u00f5es entre 16\/9 e 20\/9\/2019<\/p>\n<p style=\"text-align: justify;\">&#8211; Jo\u00e3o Monlevade: inscri\u00e7\u00f5es entre 16\/9 e 20\/9\/2019<\/p>\n<p style=\"text-align: justify;\">&#8211; Muria\u00e9 (gradua\u00e7\u00e3o e p\u00f3s-gradua\u00e7\u00e3o): inscri\u00e7\u00f5es entre 16\/9 e 27\/9\/2019<\/p>\n<p style=\"text-align: justify;\">&#8211; Paracatu: inscri\u00e7\u00f5es at\u00e9 14\/11\/2019<\/p>\n<p style=\"text-align: justify;\">&#8211; Parais\u00f3polis: inscri\u00e7\u00f5es entre 19\/6 e 30\/9\/2019<\/p>\n<p style=\"text-align: justify;\">&#8211; Paraopeba: inscri\u00e7\u00f5es at\u00e9 18\/9\/2019<\/p>\n<p style=\"text-align: justify;\">&#8211; Passa-Tempo: inscri\u00e7\u00f5es entre 16\/9 e 20\/9\/2019<\/p>\n<p style=\"text-align: justify;\">&#8211; Patroc\u00ednio: inscri\u00e7\u00f5es entre 16\/9 e 15\/10\/2019<\/p>\n<p style=\"text-align: justify;\">&#8211; <strong>Perd\u00f5es<\/strong>: inscri\u00e7\u00f5es at\u00e9 20\/9\/2019<\/p>\n<p style=\"text-align: justify;\">&#8211; Santa Luzia: inscri\u00e7\u00f5es at\u00e9 20\/9\/2019<\/p>\n<p style=\"text-align: justify;\">&#8211; Serro: inscri\u00e7\u00f5es entre 16\/9 e 27\/9\/2019<\/p>\n<p style=\"text-align: justify;\">&#8211; Vazante: inscri\u00e7\u00f5es at\u00e9 23\/9\/2019<\/p>\n<p style=\"text-align: justify;\">Acompanhe a publica\u00e7\u00e3o e o andamento dos editais para estagi\u00e1rios no\u00a0<em>link<\/em>\u00a0<a href=\"http:\/\/www.tjmg.jus.br\/portal-tjmg\/transparencia\/concursos-estagiarios\/\" target=\"_blank\" rel=\"noopener noreferrer\">Sele\u00e7\u00e3o de Estagi\u00e1rios<\/a>, na p\u00e1gina principal do\u00a0<strong>Portal TJMG<\/strong>, aba \u201cCidad\u00e3o\u201d.<\/p>\n","protected":false},"excerpt":{"rendered":"<p>&nbsp; &nbsp; Confira as comarcas que est\u00e3o com edital de sele\u00e7\u00e3o de estagi\u00e1rios publicado: &#8211; Aimor\u00e9s: inscri\u00e7\u00f5es entre 17\/9 e 27\/9\/2019 &#8211; Al\u00e9m-Para\u00edba: inscri\u00e7\u00f5es at\u00e9 23\/9\/2019 &#8211; Andrel\u00e2ndia (p\u00f3s-gradua\u00e7\u00e3o): inscri\u00e7\u00f5es entre 16\/9 e 27\/9\/2019 &#8211; Boa Esperan\u00e7a (gradua\u00e7\u00e3o e p\u00f3s-gradua\u00e7\u00e3o): inscri\u00e7\u00f5es entre 30\/9 e 10\/10\/2019 &#8211; Cambuquira: inscri\u00e7\u00f5es entre 1\u00ba\/10 e 10\/10\/2019 &#8211; Capelinha: inscri\u00e7\u00f5es [&hellip;]<\/p>\n","protected":false},"author":7,"featured_media":248626,"comment_status":"closed","ping_status":"closed","sticky":false,"template":"","format":"standard","meta":{"advanced_seo_description":"","jetpack_seo_html_title":"","jetpack_seo_noindex":false,"_jetpack_memberships_contains_paid_content":false,"footnotes":""},"categories":[14,79],"tags":[467,466],"class_list":["post-248625","post","type-post","status-publish","format-standard","has-post-thumbnail","hentry","category-destaques-2","category-regiao","tag-automatico","tag-rascunho"],"jetpack_featured_media_url":"https:\/\/i0.wp.com\/www.lavras24horas.com.br\/portal\/wp-content\/uploads\/2019\/09\/noticia-estagiaria.jpg?fit=500%2C333&ssl=1","jetpack_sharing_enabled":true,"jetpack_likes_enabled":true,"_links":{"self":[{"href":"https:\/\/www.lavras24horas.com.br\/portal\/wp-json\/wp\/v2\/posts\/248625","targetHints":{"allow":["GET"]}}],"collection":[{"href":"https:\/\/www.lavras24horas.com.br\/portal\/wp-json\/wp\/v2\/posts"}],"about":[{"href":"https:\/\/www.lavras24horas.com.br\/portal\/wp-json\/wp\/v2\/types\/post"}],"author":[{"embeddable":true,"href":"https:\/\/www.lavras24horas.com.br\/portal\/wp-json\/wp\/v2\/users\/7"}],"replies":[{"embeddable":true,"href":"https:\/\/www.lavras24horas.com.br\/portal\/wp-json\/wp\/v2\/comments?post=248625"}],"version-history":[{"count":1,"href":"https:\/\/www.lavras24horas.com.br\/portal\/wp-json\/wp\/v2\/posts\/248625\/revisions"}],"predecessor-version":[{"id":248627,"href":"https:\/\/www.lavras24horas.com.br\/portal\/wp-json\/wp\/v2\/posts\/248625\/revisions\/248627"}],"wp:featuredmedia":[{"embeddable":true,"href":"https:\/\/www.lavras24horas.com.br\/portal\/wp-json\/wp\/v2\/media\/248626"}],"wp:attachment":[{"href":"https:\/\/www.lavras24horas.com.br\/portal\/wp-json\/wp\/v2\/media?parent=248625"}],"wp:term":[{"taxonomy":"category","embeddable":true,"href":"https:\/\/www.lavras24horas.com.br\/portal\/wp-json\/wp\/v2\/categories?post=248625"},{"taxonomy":"post_tag","embeddable":true,"href":"https:\/\/www.lavras24horas.com.br\/portal\/wp-json\/wp\/v2\/tags?post=248625"}],"curies":[{"name":"wp","href":"https:\/\/api.w.org\/{rel}","templated":true}]}}