{"id":248619,"date":"2019-09-16T07:00:42","date_gmt":"2019-09-16T10:00:42","guid":{"rendered":"https:\/\/www.lavras24horas.com.br\/portal\/?p=248619"},"modified":"2019-09-15T14:57:14","modified_gmt":"2019-09-15T17:57:14","slug":"paroquia-nossa-senhora-de-fatima-celebra-hoje-16-missa-dedicada-a-irma-benigna","status":"publish","type":"post","link":"https:\/\/www.lavras24horas.com.br\/portal\/paroquia-nossa-senhora-de-fatima-celebra-hoje-16-missa-dedicada-a-irma-benigna\/","title":{"rendered":"Par\u00f3quia Nossa Senhora de F\u00e1tima celebra hoje (16) missa dedicada a irm\u00e3 Benigna"},"content":{"rendered":"<p>&nbsp;<\/p>\n<p style=\"text-align: justify;\">Acontece neta segunda-feira, dia 16, \u00e0s 19h, na Par\u00f3quia Nossa Senhora de F\u00e1tima, a Missa em A\u00e7\u00e3o de Gra\u00e7as pela Vida e Santidade de Irm\u00e3 Benigna. A Celebra\u00e7\u00e3o Eucar\u00edstica ser\u00e1 celebrada pelo padre Samuel Detomi.<\/p>\n<p style=\"text-align: justify;\">Irm\u00e3 Benigna nasceu em Diamantina no dia 16 de agosto de 1907. Em 11 de fevereiro de 1935, dia dedicado a Nossa Senhora de Lourdes, ela ingressou na Congrega\u00e7\u00e3o das Irm\u00e3s Auxiliares de Nossa Senhora da Piedade, fundada por Monsenhor Domingos Pinheiro.<\/p>\n<p style=\"text-align: justify;\">Ela atuou nas cidades de Caet\u00e9, Sabar\u00e1, Ita\u00fana e Lavras, cidade onde ela permaneceu por 16 anos. A religiosa chegou \u00e0 Terra dos Ip\u00eas e das Escolas em 1955 para trabalhar no Lar Augusto Silva, onde foi respons\u00e1vel pela constru\u00e7\u00e3o de uma capela dedicada a S\u00e3o Jos\u00e9 e uma gruta dedicada a Nossa Senhora de Lourdes. Ela chegou a ganhar o titulo de Cidad\u00e3 Lavrense dado pela C\u00e2mara Municipal de Lavras na d\u00e9cada de 70. Irm\u00e3 Benigna morreu em Belo Horizonte em 1981, quando fazia um tratamento m\u00e9dico, sendo sepultada na capital mineira.<\/p>\n","protected":false},"excerpt":{"rendered":"<p>&nbsp; Acontece neta segunda-feira, dia 16, \u00e0s 19h, na Par\u00f3quia Nossa Senhora de F\u00e1tima, a Missa em A\u00e7\u00e3o de Gra\u00e7as pela Vida e Santidade de Irm\u00e3 Benigna. A Celebra\u00e7\u00e3o Eucar\u00edstica ser\u00e1 celebrada pelo padre Samuel Detomi. Irm\u00e3 Benigna nasceu em Diamantina no dia 16 de agosto de 1907. Em 11 de fevereiro de 1935, dia [&hellip;]<\/p>\n","protected":false},"author":7,"featured_media":248620,"comment_status":"closed","ping_status":"closed","sticky":false,"template":"","format":"standard","meta":{"advanced_seo_description":"","jetpack_seo_html_title":"","jetpack_seo_noindex":false,"_jetpack_memberships_contains_paid_content":false,"footnotes":""},"categories":[13077,4],"tags":[467,466],"class_list":["post-248619","post","type-post","status-publish","format-standard","has-post-thumbnail","hentry","category-laterais-2","category-lavras","tag-automatico","tag-rascunho"],"jetpack_featured_media_url":"https:\/\/i0.wp.com\/www.lavras24horas.com.br\/portal\/wp-content\/uploads\/2019\/09\/irma-benigna-2.jpg?fit=500%2C345&ssl=1","jetpack_sharing_enabled":true,"jetpack_likes_enabled":true,"_links":{"self":[{"href":"https:\/\/www.lavras24horas.com.br\/portal\/wp-json\/wp\/v2\/posts\/248619","targetHints":{"allow":["GET"]}}],"collection":[{"href":"https:\/\/www.lavras24horas.com.br\/portal\/wp-json\/wp\/v2\/posts"}],"about":[{"href":"https:\/\/www.lavras24horas.com.br\/portal\/wp-json\/wp\/v2\/types\/post"}],"author":[{"embeddable":true,"href":"https:\/\/www.lavras24horas.com.br\/portal\/wp-json\/wp\/v2\/users\/7"}],"replies":[{"embeddable":true,"href":"https:\/\/www.lavras24horas.com.br\/portal\/wp-json\/wp\/v2\/comments?post=248619"}],"version-history":[{"count":1,"href":"https:\/\/www.lavras24horas.com.br\/portal\/wp-json\/wp\/v2\/posts\/248619\/revisions"}],"predecessor-version":[{"id":248621,"href":"https:\/\/www.lavras24horas.com.br\/portal\/wp-json\/wp\/v2\/posts\/248619\/revisions\/248621"}],"wp:featuredmedia":[{"embeddable":true,"href":"https:\/\/www.lavras24horas.com.br\/portal\/wp-json\/wp\/v2\/media\/248620"}],"wp:attachment":[{"href":"https:\/\/www.lavras24horas.com.br\/portal\/wp-json\/wp\/v2\/media?parent=248619"}],"wp:term":[{"taxonomy":"category","embeddable":true,"href":"https:\/\/www.lavras24horas.com.br\/portal\/wp-json\/wp\/v2\/categories?post=248619"},{"taxonomy":"post_tag","embeddable":true,"href":"https:\/\/www.lavras24horas.com.br\/portal\/wp-json\/wp\/v2\/tags?post=248619"}],"curies":[{"name":"wp","href":"https:\/\/api.w.org\/{rel}","templated":true}]}}