{"id":248616,"date":"2019-09-16T07:00:39","date_gmt":"2019-09-16T10:00:39","guid":{"rendered":"https:\/\/www.lavras24horas.com.br\/portal\/?p=248616"},"modified":"2019-09-15T14:51:53","modified_gmt":"2019-09-15T17:51:53","slug":"praca-da-avenida-juscelino-kubitschek-e-revitalizada","status":"publish","type":"post","link":"https:\/\/www.lavras24horas.com.br\/portal\/praca-da-avenida-juscelino-kubitschek-e-revitalizada\/","title":{"rendered":"Pra\u00e7a da Avenida Juscelino Kubitschek \u00e9 revitalizada"},"content":{"rendered":"<p>&nbsp;<\/p>\n<p>&nbsp;<\/p>\n<p style=\"font-weight: 400; text-align: justify;\">Conhecida como Pra\u00e7a da Avenida Juscelino Kubitschek, a Pra\u00e7a Rafael Venerando, recebeu uma revitaliza\u00e7\u00e3o por parte da prefeitura Municipal de Lavras. A renova\u00e7\u00e3o, tanta na parte do concreto quanto\u00a0 do seu paisagismo, deu vida nova a um dos espa\u00e7o p\u00fablicos mais conhecido da cidade.<\/p>\n<p>&nbsp;<\/p>\n<p style=\"font-weight: 400;\">\n","protected":false},"excerpt":{"rendered":"<p>&nbsp; &nbsp; Conhecida como Pra\u00e7a da Avenida Juscelino Kubitschek, a Pra\u00e7a Rafael Venerando, recebeu uma revitaliza\u00e7\u00e3o por parte da prefeitura Municipal de Lavras. A renova\u00e7\u00e3o, tanta na parte do concreto quanto\u00a0 do seu paisagismo, deu vida nova a um dos espa\u00e7o p\u00fablicos mais conhecido da cidade. &nbsp;<\/p>\n","protected":false},"author":7,"featured_media":248617,"comment_status":"closed","ping_status":"closed","sticky":false,"template":"","format":"standard","meta":{"advanced_seo_description":"","jetpack_seo_html_title":"","jetpack_seo_noindex":false,"_jetpack_memberships_contains_paid_content":false,"footnotes":""},"categories":[13,4],"tags":[467,466],"class_list":["post-248616","post","type-post","status-publish","format-standard","has-post-thumbnail","hentry","category-laterais-1","category-lavras","tag-automatico","tag-rascunho"],"jetpack_featured_media_url":"https:\/\/i0.wp.com\/www.lavras24horas.com.br\/portal\/wp-content\/uploads\/2019\/09\/0-1.jpg?fit=500%2C333&ssl=1","jetpack_sharing_enabled":true,"jetpack_likes_enabled":true,"jetpack_shortlink":"https:\/\/wp.me\/p12djN-12FW","_links":{"self":[{"href":"https:\/\/www.lavras24horas.com.br\/portal\/wp-json\/wp\/v2\/posts\/248616","targetHints":{"allow":["GET"]}}],"collection":[{"href":"https:\/\/www.lavras24horas.com.br\/portal\/wp-json\/wp\/v2\/posts"}],"about":[{"href":"https:\/\/www.lavras24horas.com.br\/portal\/wp-json\/wp\/v2\/types\/post"}],"author":[{"embeddable":true,"href":"https:\/\/www.lavras24horas.com.br\/portal\/wp-json\/wp\/v2\/users\/7"}],"replies":[{"embeddable":true,"href":"https:\/\/www.lavras24horas.com.br\/portal\/wp-json\/wp\/v2\/comments?post=248616"}],"version-history":[{"count":1,"href":"https:\/\/www.lavras24horas.com.br\/portal\/wp-json\/wp\/v2\/posts\/248616\/revisions"}],"predecessor-version":[{"id":248618,"href":"https:\/\/www.lavras24horas.com.br\/portal\/wp-json\/wp\/v2\/posts\/248616\/revisions\/248618"}],"wp:featuredmedia":[{"embeddable":true,"href":"https:\/\/www.lavras24horas.com.br\/portal\/wp-json\/wp\/v2\/media\/248617"}],"wp:attachment":[{"href":"https:\/\/www.lavras24horas.com.br\/portal\/wp-json\/wp\/v2\/media?parent=248616"}],"wp:term":[{"taxonomy":"category","embeddable":true,"href":"https:\/\/www.lavras24horas.com.br\/portal\/wp-json\/wp\/v2\/categories?post=248616"},{"taxonomy":"post_tag","embeddable":true,"href":"https:\/\/www.lavras24horas.com.br\/portal\/wp-json\/wp\/v2\/tags?post=248616"}],"curies":[{"name":"wp","href":"https:\/\/api.w.org\/{rel}","templated":true}]}}