{"id":248613,"date":"2019-09-16T07:00:22","date_gmt":"2019-09-16T10:00:22","guid":{"rendered":"https:\/\/www.lavras24horas.com.br\/portal\/?p=248613"},"modified":"2019-09-15T14:45:42","modified_gmt":"2019-09-15T17:45:42","slug":"adubo-natural-com-esterco-de-coelhos-e-a-nova-aposta-para-a-agricultura-familiar","status":"publish","type":"post","link":"https:\/\/www.lavras24horas.com.br\/portal\/adubo-natural-com-esterco-de-coelhos-e-a-nova-aposta-para-a-agricultura-familiar\/","title":{"rendered":"Adubo natural com esterco de coelhos \u00e9 a nova aposta para a agricultura familiar"},"content":{"rendered":"<div dir=\"ltr\">\n<p>&nbsp;<\/p>\n<p>&nbsp;<\/p>\n<p style=\"text-align: justify;\">A busca por processos naturais de aduba\u00e7\u00e3o, sem fertilizantes qu\u00edmicos e agrot\u00f3xicos, tem sido constante nas ci\u00eancias agr\u00e1rias. \u00c9 com esse objetivo que um projeto piloto de extens\u00e3o universit\u00e1ria inovadora poder\u00e1 trazer generosos benef\u00edcios econ\u00f4micos, socioambientais e sustent\u00e1veis para o pequeno produtor, principalmente em pa\u00edses de baixa renda. O foco \u00e9 cultivar hortali\u00e7as com um adubo natural de esterco de coelhos.<\/p>\n<p style=\"text-align: justify;\">O projeto conta com a integra\u00e7\u00e3o do trabalho dos seguintes n\u00facleos extensionistas de estudos da Universidade Federal de Lavras (UFLA): N\u00facleo de Estudos em Manejo e Nutri\u00e7\u00e3o de Coelhos (Nemenc), N\u00facleo de Estudos em Agroecologia, Permacultura e Extens\u00e3o Universit\u00e1ria Inovadora (Neape), N\u00facleo de Estudos em Olericultura (NEO) e apoio da ONG Engenheiros Sem Fronteiras (ESF).<\/p>\n<p style=\"text-align: justify;\">O professor Gilmar Tavares do Departamento de Engenharia (DEG), coordenador do projeto, explica que a &#8220;compostagem \u00e9 um processo biol\u00f3gico de transforma\u00e7\u00e3o para valoriza\u00e7\u00e3o da mat\u00e9ria org\u00e2nica. Trata-se de um processo natural em que os microrganismos residentes, como fungos e bact\u00e9rias, s\u00e3o respons\u00e1veis pela degrada\u00e7\u00e3o de mat\u00e9ria org\u00e2nica, transformando-a em\u00a0<em>humus<\/em>, que \u00e9 um material extremamente f\u00e9rtil por ser muito rico em nutrientes&#8221;. Nesse projeto, as fezes dos coelhos s\u00e3o misturadas com restos vegetais descartados, em propor\u00e7\u00f5es adequadas ao processamento. O composto \u00e9 umedecido e\u00a0revirado periodicamente, at\u00e9 a transforma\u00e7\u00e3o total em compostagem, que ocorre em aproximadamente dois meses.<\/p>\n<p style=\"text-align: justify;\">Sabe-se que a compostagem \u00e9 rica principalmente em nitrog\u00eanio e carbono, importantes para desencadear outros processos microbiol\u00f3gicos no solo, dando-lhe vida e vigor \u00e0s plantas. \u201c\u00c9 por isso que a compostagem \u00e9 vi\u00e1vel em qualquer tipo de solo, mesmo para os solos des\u00e9rticos, pois consegue desenvolver e desencadear processos regenerativos\u00a0pelo seu alto teor de nitrog\u00eanio e de outros elementos qu\u00edmicos, como o f\u00f3sforo e pot\u00e1ssio, que s\u00e3o fundamentais para o desenvolvimento das plantas\u201d, ressalta o professor.<\/p>\n<p style=\"text-align: justify;\">A primeira horta dom\u00e9stica com o esterno de coelhos, do projeto, j\u00e1 est\u00e1 implementada em Lavras, no bairro Nova Lavras. O objetivo ser\u00e1 trocar gratuitamente as hortali\u00e7as agroecol\u00f3gicas cultivadas ou o pr\u00f3prio adubo natural por garrafas pets e material pl\u00e1stico descart\u00e1vel.<\/p>\n<p style=\"text-align: justify;\">A a\u00e7\u00e3o de troca inicia\u00a0ainda neste ano, com data a confirmar, em pra\u00e7as p\u00fablicas, com o intuito de conscientizar a popula\u00e7\u00e3o sobre os problemas ambientais, mostrando como pequenas atitudes podem contribuir para a preserva\u00e7\u00e3o sustent\u00e1vel do meio ambiente, de maneira econ\u00f4mica, ecol\u00f3gica, e com comprova\u00e7\u00e3o cient\u00edfica.<\/p>\n<h3 style=\"text-align: justify;\">Extens\u00e3o<\/h3>\n<p style=\"text-align: justify;\">O projeto do professor Gilmar iniciou em 2007 nos munic\u00edpios de Carrancas e Lumin\u00e1rias. Posteriormente foi levado \u00e0 \u00c1frica (Rep\u00fablica Democr\u00e1tica do Congo-2008 e Mo\u00e7ambique-2016), \u00e0 \u00c1sia em 2018 (Afeganist\u00e3o, Paquist\u00e3o e Myanmar) e est\u00e1 em desenvolvimento at\u00e9 os dias de hoje.<\/p>\n<\/div>\n<div class=\"yj6qo ajU\" style=\"text-align: justify;\"><\/div>\n","protected":false},"excerpt":{"rendered":"<p>&nbsp; &nbsp; A busca por processos naturais de aduba\u00e7\u00e3o, sem fertilizantes qu\u00edmicos e agrot\u00f3xicos, tem sido constante nas ci\u00eancias agr\u00e1rias. \u00c9 com esse objetivo que um projeto piloto de extens\u00e3o universit\u00e1ria inovadora poder\u00e1 trazer generosos benef\u00edcios econ\u00f4micos, socioambientais e sustent\u00e1veis para o pequeno produtor, principalmente em pa\u00edses de baixa renda. O foco \u00e9 cultivar hortali\u00e7as [&hellip;]<\/p>\n","protected":false},"author":7,"featured_media":248614,"comment_status":"closed","ping_status":"closed","sticky":false,"template":"","format":"standard","meta":{"advanced_seo_description":"","jetpack_seo_html_title":"","jetpack_seo_noindex":false,"_jetpack_memberships_contains_paid_content":false,"footnotes":""},"categories":[14,4],"tags":[467,466],"class_list":["post-248613","post","type-post","status-publish","format-standard","has-post-thumbnail","hentry","category-destaques-2","category-lavras","tag-automatico","tag-rascunho"],"jetpack_featured_media_url":"https:\/\/i0.wp.com\/www.lavras24horas.com.br\/portal\/wp-content\/uploads\/2019\/09\/coelho_900.jpg?fit=500%2C311&ssl=1","jetpack_sharing_enabled":true,"jetpack_likes_enabled":true,"_links":{"self":[{"href":"https:\/\/www.lavras24horas.com.br\/portal\/wp-json\/wp\/v2\/posts\/248613","targetHints":{"allow":["GET"]}}],"collection":[{"href":"https:\/\/www.lavras24horas.com.br\/portal\/wp-json\/wp\/v2\/posts"}],"about":[{"href":"https:\/\/www.lavras24horas.com.br\/portal\/wp-json\/wp\/v2\/types\/post"}],"author":[{"embeddable":true,"href":"https:\/\/www.lavras24horas.com.br\/portal\/wp-json\/wp\/v2\/users\/7"}],"replies":[{"embeddable":true,"href":"https:\/\/www.lavras24horas.com.br\/portal\/wp-json\/wp\/v2\/comments?post=248613"}],"version-history":[{"count":1,"href":"https:\/\/www.lavras24horas.com.br\/portal\/wp-json\/wp\/v2\/posts\/248613\/revisions"}],"predecessor-version":[{"id":248615,"href":"https:\/\/www.lavras24horas.com.br\/portal\/wp-json\/wp\/v2\/posts\/248613\/revisions\/248615"}],"wp:featuredmedia":[{"embeddable":true,"href":"https:\/\/www.lavras24horas.com.br\/portal\/wp-json\/wp\/v2\/media\/248614"}],"wp:attachment":[{"href":"https:\/\/www.lavras24horas.com.br\/portal\/wp-json\/wp\/v2\/media?parent=248613"}],"wp:term":[{"taxonomy":"category","embeddable":true,"href":"https:\/\/www.lavras24horas.com.br\/portal\/wp-json\/wp\/v2\/categories?post=248613"},{"taxonomy":"post_tag","embeddable":true,"href":"https:\/\/www.lavras24horas.com.br\/portal\/wp-json\/wp\/v2\/tags?post=248613"}],"curies":[{"name":"wp","href":"https:\/\/api.w.org\/{rel}","templated":true}]}}