{"id":248606,"date":"2019-09-15T08:51:05","date_gmt":"2019-09-15T11:51:05","guid":{"rendered":"https:\/\/www.lavras24horas.com.br\/portal\/?p=248606"},"modified":"2019-09-15T11:03:43","modified_gmt":"2019-09-15T14:03:43","slug":"domingo-15-09-2019","status":"publish","type":"post","link":"https:\/\/www.lavras24horas.com.br\/portal\/domingo-15-09-2019\/","title":{"rendered":"Domingo (15\/09\/2019)"},"content":{"rendered":"<p><strong><em>Nome: MARIA BENEDITA DA SILVA<\/em><\/strong><\/p>\n<p><em>Velada no Vel\u00f3rio Sagrada Fam\u00edlia<\/em><\/p>\n<p><em>Sepultamento dia 15\/09\/2019 \u00e0s 09h<\/em><\/p>\n<p><em>Cemit\u00e9rio Paroquial Saudade \u00a0<\/em><\/p>\n<p><em>Fonte: Administra\u00e7\u00e3o dos Cemit\u00e9rios<\/em><\/p>\n<p>&nbsp;<\/p>\n<p><strong><em>Nome: MARIA CONCEI\u00c7\u00c3O DE OLIVEIRA<\/em><\/strong><\/p>\n<p><em>Velada na capela 04 do Vel\u00f3rio S\u00e3o Jo\u00e3o Batista <\/em><\/p>\n<p><em>Sa\u00edda dia 15\/09\/2019 \u00e0s 09h<\/em><\/p>\n<p><em>Cemit\u00e9rio de Ijaci-MG<\/em><\/p>\n<p><em>Fonte: Administra\u00e7\u00e3o dos Cemit\u00e9rios<\/em><\/p>\n<p>&nbsp;<\/p>\n<p><em><strong>Nome: JO\u00c3O SALES FILHO<\/strong><\/em><\/p>\n<p>Velado na capela 01 do Vel\u00f3rio S\u00e3o Jo\u00e3o Batista<\/p>\n<p>Sepultamento dia 15\/09\/2019 \u00e0s 16h30<\/p>\n<p>Cemit\u00e9rio Paroquial Saudade<\/p>\n<p>Fonte: Administra\u00e7\u00e3o dos Cemit\u00e9rios<\/p>\n","protected":false},"excerpt":{"rendered":"<p>Nome: MARIA BENEDITA DA SILVA Velada no Vel\u00f3rio Sagrada Fam\u00edlia Sepultamento dia 15\/09\/2019 \u00e0s 09h Cemit\u00e9rio Paroquial Saudade \u00a0 Fonte: Administra\u00e7\u00e3o dos Cemit\u00e9rios &nbsp; Nome: MARIA CONCEI\u00c7\u00c3O DE OLIVEIRA Velada na capela 04 do Vel\u00f3rio S\u00e3o Jo\u00e3o Batista Sa\u00edda dia 15\/09\/2019 \u00e0s 09h Cemit\u00e9rio de Ijaci-MG Fonte: Administra\u00e7\u00e3o dos Cemit\u00e9rios &nbsp; Nome: JO\u00c3O SALES FILHO [&hellip;]<\/p>\n","protected":false},"author":7,"featured_media":0,"comment_status":"closed","ping_status":"closed","sticky":false,"template":"","format":"standard","meta":{"advanced_seo_description":"","jetpack_seo_html_title":"","jetpack_seo_noindex":false,"_jetpack_memberships_contains_paid_content":false,"footnotes":""},"categories":[1495],"tags":[467,466],"class_list":["post-248606","post","type-post","status-publish","format-standard","hentry","category-obituario-2","tag-automatico","tag-rascunho"],"jetpack_featured_media_url":"","jetpack_sharing_enabled":true,"jetpack_likes_enabled":true,"_links":{"self":[{"href":"https:\/\/www.lavras24horas.com.br\/portal\/wp-json\/wp\/v2\/posts\/248606","targetHints":{"allow":["GET"]}}],"collection":[{"href":"https:\/\/www.lavras24horas.com.br\/portal\/wp-json\/wp\/v2\/posts"}],"about":[{"href":"https:\/\/www.lavras24horas.com.br\/portal\/wp-json\/wp\/v2\/types\/post"}],"author":[{"embeddable":true,"href":"https:\/\/www.lavras24horas.com.br\/portal\/wp-json\/wp\/v2\/users\/7"}],"replies":[{"embeddable":true,"href":"https:\/\/www.lavras24horas.com.br\/portal\/wp-json\/wp\/v2\/comments?post=248606"}],"version-history":[{"count":4,"href":"https:\/\/www.lavras24horas.com.br\/portal\/wp-json\/wp\/v2\/posts\/248606\/revisions"}],"predecessor-version":[{"id":248612,"href":"https:\/\/www.lavras24horas.com.br\/portal\/wp-json\/wp\/v2\/posts\/248606\/revisions\/248612"}],"wp:attachment":[{"href":"https:\/\/www.lavras24horas.com.br\/portal\/wp-json\/wp\/v2\/media?parent=248606"}],"wp:term":[{"taxonomy":"category","embeddable":true,"href":"https:\/\/www.lavras24horas.com.br\/portal\/wp-json\/wp\/v2\/categories?post=248606"},{"taxonomy":"post_tag","embeddable":true,"href":"https:\/\/www.lavras24horas.com.br\/portal\/wp-json\/wp\/v2\/tags?post=248606"}],"curies":[{"name":"wp","href":"https:\/\/api.w.org\/{rel}","templated":true}]}}