{"id":248600,"date":"2019-09-14T15:50:15","date_gmt":"2019-09-14T18:50:15","guid":{"rendered":"https:\/\/www.lavras24horas.com.br\/portal\/?p=248600"},"modified":"2019-09-14T15:50:15","modified_gmt":"2019-09-14T18:50:15","slug":"os-bombeiros-de-lavras-fazem-treinamento-para-abordagem-a-tentativas-de-suicidio","status":"publish","type":"post","link":"https:\/\/www.lavras24horas.com.br\/portal\/os-bombeiros-de-lavras-fazem-treinamento-para-abordagem-a-tentativas-de-suicidio\/","title":{"rendered":"Os bombeiros de Lavras fazem treinamento para abordagem a tentativas de suic\u00eddio"},"content":{"rendered":"<p>&nbsp;<\/p>\n<p>&nbsp;<\/p>\n<p style=\"text-align: justify;\">Os bombeiros militares treinaram profissionais para abordagem a tentativas de suic\u00eddio. A iniciativa faz parte da campanhas do Setembro Amarelo e integra\u00a0 a 3\u00aa Edi\u00e7\u00e3o do Treinamento em Abordagem T\u00e9cnica a Tentativas de Suic\u00eddio (ATTS).<\/p>\n<p style=\"text-align: justify;\">As atividades que se encerram nesta sexta-feira (13) e contaram com a participa\u00e7\u00e3o de 40 profissionais de diversas regi\u00f5e<span class=\"text_exposed_show\">s de Minas Gerais, alunos de diferentes institui\u00e7\u00f5es, como Pol\u00edcia Militar, Seguran\u00e7a Prisional, Servi\u00e7o de Atendimento M\u00f3vel de Urg\u00eancia (SAMU), Guarda Municipal e psic\u00f3logos da Sa\u00fade Mental de diferentes munic\u00edpios.Estiveram representando Lavras os bombeiros: Sgt Martins,Cb Simas e Sd La\u00eds.<\/span><\/p>\n<p style=\"text-align: justify;\"><span class=\"text_exposed_show\">O ATTS foi criado pelo Corpo de Bombeiros do Estado de S\u00e3o Paulo e, dado aos bons resultados obtidos, est\u00e1 em fase de padroniza\u00e7\u00e3o nacional para as equipes de atendimento de emerg\u00eancias (Corpos de Bombeiros, Pol\u00edcia Militar, SAMU, Guardas Municipais, etc.).<br \/>\nO treinamento tem como premissa um melhor conjunto de t\u00e9cnicas e t\u00e1ticas para abordar pessoas que buscam o autoexterm\u00ednio em situa\u00e7\u00f5es de risco de forma acolhedora e eficaz em diferentes cen\u00e1rios. Durante as aulas te\u00f3ricas e pr\u00e1ticas, os abordadores aprendem no\u00e7\u00f5es b\u00e1sicas de psicologia e psicopatologia da mente, estat\u00edsticas gerais e espec\u00edficas sobre a tem\u00e1tica, procedimentos desej\u00e1veis e os que devem ser evitados nestas ocorr\u00eancias.<\/span><\/p>\n<p style=\"text-align: justify;\"><span class=\"text_exposed_show\">A capacita\u00e7\u00e3o garante o aprendizado de t\u00e9cnicas adequadas de abordagem a pessoas com sofrimento ps\u00edquico em tentativas de suic\u00eddio, isoladamente e em equipe, e de Sistema de Comando em Opera\u00e7\u00f5es desta natureza. Nesta medida, ao todo, o 9\u00baBBM treinou 68 profissionais de abordagem com esta nova doutrina. A idea\u00e7\u00e3o suicida, bem como a tentativa de suic\u00eddio, s\u00e3o resultados de uma conjun\u00e7\u00e3o de vulnerabilidades biol\u00f3gicas, ps\u00edquicas e sociais, como depress\u00e3o, experi\u00eancia patol\u00f3gica de luto, transtornos de personalidade, abuso de drogas, dentre outras causas.<\/span><\/p>\n<p style=\"text-align: justify;\"><span class=\"text_exposed_show\">Se voc\u00ea passa por algum sofrimento psicol\u00f3gico ou conhece algu\u00e9m nesta situa\u00e7\u00e3o, procure ou oriente um acompanhamento profissional com pessoas habilitadas para uma escuta terap\u00eautica, como psic\u00f3logo e\/ou m\u00e9dico psiquiatra em sua cidade. H\u00e1 tamb\u00e9m sempre algu\u00e9m disposto a ouvi-lo (a) por meio do n\u00famero 188 (Centro de Valoriza\u00e7\u00e3o da Vida).<\/span><\/p>\n","protected":false},"excerpt":{"rendered":"<p>&nbsp; &nbsp; Os bombeiros militares treinaram profissionais para abordagem a tentativas de suic\u00eddio. A iniciativa faz parte da campanhas do Setembro Amarelo e integra\u00a0 a 3\u00aa Edi\u00e7\u00e3o do Treinamento em Abordagem T\u00e9cnica a Tentativas de Suic\u00eddio (ATTS). As atividades que se encerram nesta sexta-feira (13) e contaram com a participa\u00e7\u00e3o de 40 profissionais de diversas [&hellip;]<\/p>\n","protected":false},"author":7,"featured_media":248601,"comment_status":"closed","ping_status":"closed","sticky":false,"template":"","format":"standard","meta":{"advanced_seo_description":"","jetpack_seo_html_title":"","jetpack_seo_noindex":false,"_jetpack_memberships_contains_paid_content":false,"footnotes":""},"categories":[13,4],"tags":[467,466],"class_list":["post-248600","post","type-post","status-publish","format-standard","has-post-thumbnail","hentry","category-laterais-1","category-lavras","tag-automatico","tag-rascunho"],"jetpack_featured_media_url":"https:\/\/i0.wp.com\/www.lavras24horas.com.br\/portal\/wp-content\/uploads\/2019\/09\/70441466_1287747744722035_5130727086662615040_o.jpg?fit=600%2C291&ssl=1","jetpack_sharing_enabled":true,"jetpack_likes_enabled":true,"_links":{"self":[{"href":"https:\/\/www.lavras24horas.com.br\/portal\/wp-json\/wp\/v2\/posts\/248600","targetHints":{"allow":["GET"]}}],"collection":[{"href":"https:\/\/www.lavras24horas.com.br\/portal\/wp-json\/wp\/v2\/posts"}],"about":[{"href":"https:\/\/www.lavras24horas.com.br\/portal\/wp-json\/wp\/v2\/types\/post"}],"author":[{"embeddable":true,"href":"https:\/\/www.lavras24horas.com.br\/portal\/wp-json\/wp\/v2\/users\/7"}],"replies":[{"embeddable":true,"href":"https:\/\/www.lavras24horas.com.br\/portal\/wp-json\/wp\/v2\/comments?post=248600"}],"version-history":[{"count":1,"href":"https:\/\/www.lavras24horas.com.br\/portal\/wp-json\/wp\/v2\/posts\/248600\/revisions"}],"predecessor-version":[{"id":248602,"href":"https:\/\/www.lavras24horas.com.br\/portal\/wp-json\/wp\/v2\/posts\/248600\/revisions\/248602"}],"wp:featuredmedia":[{"embeddable":true,"href":"https:\/\/www.lavras24horas.com.br\/portal\/wp-json\/wp\/v2\/media\/248601"}],"wp:attachment":[{"href":"https:\/\/www.lavras24horas.com.br\/portal\/wp-json\/wp\/v2\/media?parent=248600"}],"wp:term":[{"taxonomy":"category","embeddable":true,"href":"https:\/\/www.lavras24horas.com.br\/portal\/wp-json\/wp\/v2\/categories?post=248600"},{"taxonomy":"post_tag","embeddable":true,"href":"https:\/\/www.lavras24horas.com.br\/portal\/wp-json\/wp\/v2\/tags?post=248600"}],"curies":[{"name":"wp","href":"https:\/\/api.w.org\/{rel}","templated":true}]}}