{"id":248597,"date":"2019-09-14T15:45:03","date_gmt":"2019-09-14T18:45:03","guid":{"rendered":"https:\/\/www.lavras24horas.com.br\/portal\/?p=248597"},"modified":"2019-09-14T15:45:03","modified_gmt":"2019-09-14T18:45:03","slug":"comunidade-figueira-realiza-tributo-ao-escritor-e-filosofo-trigueirinho","status":"publish","type":"post","link":"https:\/\/www.lavras24horas.com.br\/portal\/comunidade-figueira-realiza-tributo-ao-escritor-e-filosofo-trigueirinho\/","title":{"rendered":"Comunidade Figueira realiza tributo ao escritor e fil\u00f3sofo Trigueirinho"},"content":{"rendered":"<p>&nbsp;<\/p>\n<p>&nbsp;<\/p>\n<p>A Comunidade-Luz Figueira realiza no dia 15 de setembro, \u00e0s 19h, um tributo a Jos\u00e9 Trigueirinho Netto, escritor e fil\u00f3sofo espiritualista, que desencarnou em 2018, aos 87 anos de idade. Durante a homenagem ser\u00e1 exibido um v\u00eddeo com confer\u00eancias raras de Trigueirinho e imagens compiladas do seu acervo pessoal, materiais praticamente desconhecidos pela maioria das pessoas que conhecem e acompanham a obra do fil\u00f3sofo.<\/p>\n<p>De acordo com Frei Sebastian, monge da Ordem Gra\u00e7a Miseric\u00f3rdia, congrega\u00e7\u00e3o em que Trigueirinho \u00e9 cofundador, e um dos organizadores do Tributo, a homenagem intitulada \u201cTrajet\u00f3ria de um Instrutor\u201d, est\u00e1 centrada nos principais fatos que marcaram o percurso de Trigueirinho e o que isso representou em termos de ensinamento espiritual para a humanidade.<\/p>\n<p>\u201cNossa inten\u00e7\u00e3o \u00e9 mostrar para as pessoas alguns momentos do despertar espiritual de Trigueirinho, alguns fatos hist\u00f3ricos que contribu\u00edram para torn\u00e1-lo um dos principais instrutores destes tempos, j\u00e1 que a obra dele nos revela temas at\u00e9 ent\u00e3o in\u00e9ditos da caminhada espiritual do ser humano aqui na Terra. E mais que isso, como essa instru\u00e7\u00e3o prossegue t\u00e3o viva e atual. Trigueirinho partiu para outros planos de consci\u00eancia, por\u00e9m est\u00e1 mais presente do que nunca em nossas vidas&#8221;, explicou.<\/p>\n<p style=\"text-align: justify;\">A produ\u00e7\u00e3o audiovisual ser\u00e1 exibida online pelo site <a href=\"http:\/\/www.comunidadefigueira.org\/aovivo\">www.comunidadefigueira.org\/aovivo<\/a> e, de forma simult\u00e2nea, pelas contas Trigueirinho Oficial no youtube e no facebook.<\/p>\n<p style=\"text-align: justify;\"><strong>Obra que transforma &#8211;<\/strong> Trigueirinho publicou 82 livros, gravou ao vivo mais de 3 mil confer\u00eancias e fundou a Comunidade-Luz Figueira, em 1987, em Carmo da Cachoeira, no sul de Minas Gerais. Sua obra revela uma compreens\u00e3o real do que significam os reinos da natureza, a verdadeira tarefa espiritual do ser humano, o seu lugar no universo e tamb\u00e9m a sua responsabilidade diante da Cria\u00e7\u00e3o. Esclarece as raz\u00f5es da crise que hoje assola o planeta e abre perspectivas para o in\u00edcio de um ciclo mais luminoso para a humanidade.<\/p>\n<p style=\"text-align: justify;\">Para Frei Sebastian, que nos \u00faltimos 10 anos acompanhou Trigueirinho de perto exercendo a fun\u00e7\u00e3o de secret\u00e1rio pessoal, a obra dele n\u00e3o tinha a inten\u00e7\u00e3o de elevar intelectual ou culturalmente os seus leitores e sim a de lev\u00e1-los a viver uma transforma\u00e7\u00e3o real do ser com base em certos princ\u00edpios espirituais. \u201cN\u00f3s podemos perceber essa transforma\u00e7\u00e3o no dia a dia das pessoas que vivem nas comunidades fundadas e inspiradas por ele, na forma como se relacionam com o pr\u00f3ximo, com os reinos da natureza e com a pr\u00f3pria espiritualidade\u201d, observou.<\/p>\n<p style=\"text-align: justify;\"><strong>Iniciativas &#8211; <\/strong>Ao longo dos anos, a Comunidade-Luz Figueira foi se tornando refer\u00eancia para mais quatro comunidades, localizadas no Rio de Janeiro, Uruguai, Argentina e Portugal. Diversas associa\u00e7\u00f5es e grupos de ora\u00e7\u00e3o e de servi\u00e7o foram fundados em diversas partes do mundo, algumas inspiradas pelos ensinamentos de Trigueirinho e outras sob orienta\u00e7\u00e3o direta do fil\u00f3sofo.<\/p>\n<p style=\"text-align: justify;\">Jos\u00e9 Trigueirinho Netto tamb\u00e9m foi membro fundador da FRATERNIDADE &#8211; Federa\u00e7\u00e3o Humanit\u00e1ria Internacional, que re\u00fane associa\u00e7\u00f5es e iniciativas alinhadas com o pensamento filos\u00f3fico dos seus instrutores, e t\u00eam sido respons\u00e1vel por realizar miss\u00f5es humanit\u00e1rias em diversas partes do mundo.<\/p>\n<p style=\"text-align: justify;\"><strong>Servi\u00e7o<\/strong><\/p>\n<p style=\"text-align: justify;\">Trigueirinho &#8211; Trajet\u00f3ria de um Instrutor<\/p>\n<p style=\"text-align: justify;\">Tributo especial<\/p>\n<p style=\"text-align: justify;\">15 de setembro, \u00e0s 19h<\/p>\n<p>&nbsp;<\/p>\n","protected":false},"excerpt":{"rendered":"<p>&nbsp; &nbsp; A Comunidade-Luz Figueira realiza no dia 15 de setembro, \u00e0s 19h, um tributo a Jos\u00e9 Trigueirinho Netto, escritor e fil\u00f3sofo espiritualista, que desencarnou em 2018, aos 87 anos de idade. Durante a homenagem ser\u00e1 exibido um v\u00eddeo com confer\u00eancias raras de Trigueirinho e imagens compiladas do seu acervo pessoal, materiais praticamente desconhecidos pela [&hellip;]<\/p>\n","protected":false},"author":7,"featured_media":248598,"comment_status":"closed","ping_status":"closed","sticky":false,"template":"","format":"standard","meta":{"advanced_seo_description":"","jetpack_seo_html_title":"","jetpack_seo_noindex":false,"_jetpack_memberships_contains_paid_content":false,"footnotes":""},"categories":[13077,79],"tags":[467,466],"class_list":["post-248597","post","type-post","status-publish","format-standard","has-post-thumbnail","hentry","category-laterais-2","category-regiao","tag-automatico","tag-rascunho"],"jetpack_featured_media_url":"https:\/\/i0.wp.com\/www.lavras24horas.com.br\/portal\/wp-content\/uploads\/2019\/09\/Trigueirinho-Imagem_Acervo_Pessoal_Trigueirinho-Copia.jpg?fit=500%2C281&ssl=1","jetpack_sharing_enabled":true,"jetpack_likes_enabled":true,"_links":{"self":[{"href":"https:\/\/www.lavras24horas.com.br\/portal\/wp-json\/wp\/v2\/posts\/248597","targetHints":{"allow":["GET"]}}],"collection":[{"href":"https:\/\/www.lavras24horas.com.br\/portal\/wp-json\/wp\/v2\/posts"}],"about":[{"href":"https:\/\/www.lavras24horas.com.br\/portal\/wp-json\/wp\/v2\/types\/post"}],"author":[{"embeddable":true,"href":"https:\/\/www.lavras24horas.com.br\/portal\/wp-json\/wp\/v2\/users\/7"}],"replies":[{"embeddable":true,"href":"https:\/\/www.lavras24horas.com.br\/portal\/wp-json\/wp\/v2\/comments?post=248597"}],"version-history":[{"count":1,"href":"https:\/\/www.lavras24horas.com.br\/portal\/wp-json\/wp\/v2\/posts\/248597\/revisions"}],"predecessor-version":[{"id":248599,"href":"https:\/\/www.lavras24horas.com.br\/portal\/wp-json\/wp\/v2\/posts\/248597\/revisions\/248599"}],"wp:featuredmedia":[{"embeddable":true,"href":"https:\/\/www.lavras24horas.com.br\/portal\/wp-json\/wp\/v2\/media\/248598"}],"wp:attachment":[{"href":"https:\/\/www.lavras24horas.com.br\/portal\/wp-json\/wp\/v2\/media?parent=248597"}],"wp:term":[{"taxonomy":"category","embeddable":true,"href":"https:\/\/www.lavras24horas.com.br\/portal\/wp-json\/wp\/v2\/categories?post=248597"},{"taxonomy":"post_tag","embeddable":true,"href":"https:\/\/www.lavras24horas.com.br\/portal\/wp-json\/wp\/v2\/tags?post=248597"}],"curies":[{"name":"wp","href":"https:\/\/api.w.org\/{rel}","templated":true}]}}