{"id":248587,"date":"2019-09-14T15:39:16","date_gmt":"2019-09-14T18:39:16","guid":{"rendered":"https:\/\/www.lavras24horas.com.br\/portal\/?p=248587"},"modified":"2019-09-14T15:39:52","modified_gmt":"2019-09-14T18:39:52","slug":"lavras-predio-do-novo-presidio-devera-ser-custeado-pela-mineradora-vale","status":"publish","type":"post","link":"https:\/\/www.lavras24horas.com.br\/portal\/lavras-predio-do-novo-presidio-devera-ser-custeado-pela-mineradora-vale\/","title":{"rendered":"Lavras: pr\u00e9dio do novo pres\u00eddio dever\u00e1 ser custeado pela mineradora Vale"},"content":{"rendered":"<div class=\"mc-column content-text active-extra-styles active-capital-letter\" data-block-type=\"unstyled\" data-block-weight=\"43\" data-block-id=\"1\">\n<p class=\"content-text__container theme-color-primary-first-letter\" style=\"text-align: justify;\" data-track-category=\"Link no Texto\" data-track-links=\"\">Ampliar a capacidade dos pres\u00eddios de Itajub\u00e1 e Alfenas e construir um pr\u00e9dio em Lavras com capacidade para 600 detentos. Essas s\u00e3o as medidas que o Governo de Minas est\u00e1 negociando para criar 1,2 mil novas vagas no Sul de Minas.<\/p>\n<\/div>\n<div class=\"wall protected-content\">\n<div class=\"mc-column content-text active-extra-styles \" style=\"text-align: justify;\" data-block-type=\"unstyled\" data-block-weight=\"59\" data-block-id=\"2\">\n<p class=\"content-text__container \" data-track-category=\"Link no Texto\" data-track-links=\"\">A Secretaria de Estado de Justi\u00e7a e Seguran\u00e7a P\u00fablica (Sejusp) informou que o governo ir\u00e1 criar 306 vagas em cada um dos pres\u00eddios de Alfenas e Itajub\u00e1 e que os recursos j\u00e1 est\u00e3o em &#8220;negocia\u00e7\u00f5es com a fonte&#8221;. J\u00e1 para Lavras, existe negocia\u00e7\u00e3o com a mineradora Vale para a constru\u00e7\u00e3o de um pr\u00e9dio com capacidade de 600 detentos.<\/p>\n<\/div>\n<div class=\"mc-column content-text active-extra-styles \" style=\"text-align: justify;\" data-block-type=\"unstyled\" data-block-weight=\"58\" data-block-id=\"3\">\n<p class=\"content-text__container \" data-track-category=\"Link no Texto\" data-track-links=\"\">&#8220;Existem unidades prisionais que est\u00e3o em munic\u00edpios com barragens em n\u00edvel de alerta. A Vale, em uma conversa inicial, se comprometeu a construir duas unidades prisionais para que se for preciso fazer retirada de presos nessas unidades em caso de isolamento da \u00e1rea, teremos para onde levar os internos&#8221;, explica a assessoria de comunica\u00e7\u00e3o da Sejusp.<\/p>\n<\/div>\n<div class=\"row medium-uncollapsed content-media content-photo\" style=\"text-align: justify;\" data-block-type=\"backstage-photo\" data-block-id=\"4\">\n<div class=\"mc-column content-media__container\">\n<p class=\"content-media__description \">E acrescenta que &#8220;ainda n\u00e3o podemos falar de valores e datas por que ainda \u00e9 uma negocia\u00e7\u00e3o&#8221;.<\/p>\n<\/div>\n<\/div>\n<div class=\"mc-column content-text active-extra-styles \" data-block-type=\"unstyled\" data-block-weight=\"38\" data-block-id=\"6\">\n<p class=\"content-text__container \" style=\"text-align: justify;\" data-track-category=\"Link no Texto\" data-track-links=\"\">Procurada para comentar o acordo, a mineradora Vale informou que &#8220;est\u00e1 em negocia\u00e7\u00e3o com o governo de Minas, por meio da Secretaria de Estado de Justi\u00e7a e Seguran\u00e7a P\u00fablica (Sejusp), para discutir temas referentes \u00e0 seguran\u00e7a do estado&#8221;.A<span style=\"font-family: inherit; font-size: inherit; font-style: inherit; font-variant-ligatures: inherit; font-variant-caps: inherit; font-weight: inherit; text-align: center;\">l\u00e9m das cidades do Sul de Minas, dever\u00e3o receber novos investimentos no setor os munic\u00edpios de Ub\u00e1, Iturama, Divin\u00f3polis e Itabira.<\/span><\/p>\n<\/div>\n<p data-track-category=\"Link no Texto\" data-track-links=\"\"><strong>Fonte: G<\/strong>1<\/p>\n<\/div>\n","protected":false},"excerpt":{"rendered":"<p>Ampliar a capacidade dos pres\u00eddios de Itajub\u00e1 e Alfenas e construir um pr\u00e9dio em Lavras com capacidade para 600 detentos. Essas s\u00e3o as medidas que o Governo de Minas est\u00e1 negociando para criar 1,2 mil novas vagas no Sul de Minas. A Secretaria de Estado de Justi\u00e7a e Seguran\u00e7a P\u00fablica (Sejusp) informou que o governo [&hellip;]<\/p>\n","protected":false},"author":7,"featured_media":248593,"comment_status":"closed","ping_status":"closed","sticky":false,"template":"","format":"standard","meta":{"advanced_seo_description":"","jetpack_seo_html_title":"","jetpack_seo_noindex":false,"_jetpack_memberships_contains_paid_content":false,"footnotes":""},"categories":[12],"tags":[467,466],"class_list":["post-248587","post","type-post","status-publish","format-standard","has-post-thumbnail","hentry","category-destaques-1","tag-automatico","tag-rascunho"],"jetpack_featured_media_url":"https:\/\/i0.wp.com\/www.lavras24horas.com.br\/portal\/wp-content\/uploads\/2019\/09\/501b5c821a4335e9b21ee272b8ea2849.jpg?fit=500%2C368&ssl=1","jetpack_sharing_enabled":true,"jetpack_likes_enabled":true,"_links":{"self":[{"href":"https:\/\/www.lavras24horas.com.br\/portal\/wp-json\/wp\/v2\/posts\/248587","targetHints":{"allow":["GET"]}}],"collection":[{"href":"https:\/\/www.lavras24horas.com.br\/portal\/wp-json\/wp\/v2\/posts"}],"about":[{"href":"https:\/\/www.lavras24horas.com.br\/portal\/wp-json\/wp\/v2\/types\/post"}],"author":[{"embeddable":true,"href":"https:\/\/www.lavras24horas.com.br\/portal\/wp-json\/wp\/v2\/users\/7"}],"replies":[{"embeddable":true,"href":"https:\/\/www.lavras24horas.com.br\/portal\/wp-json\/wp\/v2\/comments?post=248587"}],"version-history":[{"count":2,"href":"https:\/\/www.lavras24horas.com.br\/portal\/wp-json\/wp\/v2\/posts\/248587\/revisions"}],"predecessor-version":[{"id":248595,"href":"https:\/\/www.lavras24horas.com.br\/portal\/wp-json\/wp\/v2\/posts\/248587\/revisions\/248595"}],"wp:featuredmedia":[{"embeddable":true,"href":"https:\/\/www.lavras24horas.com.br\/portal\/wp-json\/wp\/v2\/media\/248593"}],"wp:attachment":[{"href":"https:\/\/www.lavras24horas.com.br\/portal\/wp-json\/wp\/v2\/media?parent=248587"}],"wp:term":[{"taxonomy":"category","embeddable":true,"href":"https:\/\/www.lavras24horas.com.br\/portal\/wp-json\/wp\/v2\/categories?post=248587"},{"taxonomy":"post_tag","embeddable":true,"href":"https:\/\/www.lavras24horas.com.br\/portal\/wp-json\/wp\/v2\/tags?post=248587"}],"curies":[{"name":"wp","href":"https:\/\/api.w.org\/{rel}","templated":true}]}}