{"id":248582,"date":"2019-09-13T15:04:28","date_gmt":"2019-09-13T18:04:28","guid":{"rendered":"https:\/\/www.lavras24horas.com.br\/portal\/?p=248582"},"modified":"2019-09-13T15:04:28","modified_gmt":"2019-09-13T18:04:28","slug":"lavras-missa-votiva-dedicada-a-santo-antonio-sera-realizada-hoje-13","status":"publish","type":"post","link":"https:\/\/www.lavras24horas.com.br\/portal\/lavras-missa-votiva-dedicada-a-santo-antonio-sera-realizada-hoje-13\/","title":{"rendered":"Lavras: Missa Votiva dedicada a Santo Antonio ser\u00e1 realizada hoje (13)"},"content":{"rendered":"<p>&nbsp;<\/p>\n<p>&nbsp;<\/p>\n<p>A Capela de Santo Antonio promove uma missa votiva dedicada a seu padroeiro em Lavras nesta sexta-feira, dia 13. \u00a0Ela acontecer\u00e1 \u00e0s 19h, logo ap\u00f3s haver\u00e1 distribui\u00e7\u00e3o de p\u00e3es.<\/p>\n","protected":false},"excerpt":{"rendered":"<p>&nbsp; &nbsp; A Capela de Santo Antonio promove uma missa votiva dedicada a seu padroeiro em Lavras nesta sexta-feira, dia 13. \u00a0Ela acontecer\u00e1 \u00e0s 19h, logo ap\u00f3s haver\u00e1 distribui\u00e7\u00e3o de p\u00e3es.<\/p>\n","protected":false},"author":7,"featured_media":248583,"comment_status":"closed","ping_status":"closed","sticky":false,"template":"","format":"standard","meta":{"advanced_seo_description":"","jetpack_seo_html_title":"","jetpack_seo_noindex":false,"_jetpack_memberships_contains_paid_content":false,"footnotes":""},"categories":[12,4],"tags":[467,466],"class_list":["post-248582","post","type-post","status-publish","format-standard","has-post-thumbnail","hentry","category-destaques-1","category-lavras","tag-automatico","tag-rascunho"],"jetpack_featured_media_url":"https:\/\/i0.wp.com\/www.lavras24horas.com.br\/portal\/wp-content\/uploads\/2019\/09\/13435467_1082965498426295_334657071755908399_n.jpg?fit=720%2C497&ssl=1","jetpack_sharing_enabled":true,"jetpack_likes_enabled":true,"_links":{"self":[{"href":"https:\/\/www.lavras24horas.com.br\/portal\/wp-json\/wp\/v2\/posts\/248582","targetHints":{"allow":["GET"]}}],"collection":[{"href":"https:\/\/www.lavras24horas.com.br\/portal\/wp-json\/wp\/v2\/posts"}],"about":[{"href":"https:\/\/www.lavras24horas.com.br\/portal\/wp-json\/wp\/v2\/types\/post"}],"author":[{"embeddable":true,"href":"https:\/\/www.lavras24horas.com.br\/portal\/wp-json\/wp\/v2\/users\/7"}],"replies":[{"embeddable":true,"href":"https:\/\/www.lavras24horas.com.br\/portal\/wp-json\/wp\/v2\/comments?post=248582"}],"version-history":[{"count":1,"href":"https:\/\/www.lavras24horas.com.br\/portal\/wp-json\/wp\/v2\/posts\/248582\/revisions"}],"predecessor-version":[{"id":248584,"href":"https:\/\/www.lavras24horas.com.br\/portal\/wp-json\/wp\/v2\/posts\/248582\/revisions\/248584"}],"wp:featuredmedia":[{"embeddable":true,"href":"https:\/\/www.lavras24horas.com.br\/portal\/wp-json\/wp\/v2\/media\/248583"}],"wp:attachment":[{"href":"https:\/\/www.lavras24horas.com.br\/portal\/wp-json\/wp\/v2\/media?parent=248582"}],"wp:term":[{"taxonomy":"category","embeddable":true,"href":"https:\/\/www.lavras24horas.com.br\/portal\/wp-json\/wp\/v2\/categories?post=248582"},{"taxonomy":"post_tag","embeddable":true,"href":"https:\/\/www.lavras24horas.com.br\/portal\/wp-json\/wp\/v2\/tags?post=248582"}],"curies":[{"name":"wp","href":"https:\/\/api.w.org\/{rel}","templated":true}]}}