{"id":248577,"date":"2019-09-14T07:00:23","date_gmt":"2019-09-14T10:00:23","guid":{"rendered":"https:\/\/www.lavras24horas.com.br\/portal\/?p=248577"},"modified":"2019-09-13T14:53:39","modified_gmt":"2019-09-13T17:53:39","slug":"248577-2","status":"publish","type":"post","link":"https:\/\/www.lavras24horas.com.br\/portal\/248577-2\/","title":{"rendered":"Senar promove curso de classifica\u00e7\u00e3o e degusta\u00e7\u00e3o de caf\u00e9s na UFLA"},"content":{"rendered":"<p>&nbsp;<\/p>\n<p>&nbsp;<\/p>\n<p style=\"text-align: justify;\">Vinte e seis pessoas conclu\u00edram o curso &#8220;Trabalhador da Cultura do Caf\u00e9\/Classifica\u00e7\u00e3o e Degusta\u00e7\u00e3o&#8221;, promovido pelo Servi\u00e7o Nacional de Aprendizagem Rural (Senar), em parceria com o Sindicato dos Produtores Rurais de Lavras e o Sistema Faemg. As aulas foram ministradas no Polo de Tecnologia em Qualidade do Caf\u00e9, localizado na Ag\u00eancia de Inova\u00e7\u00e3o do Caf\u00e9 (InovaCaf\u00e9) da Universidade Federal de Lavras (UFLA), em duas turmas: de 26 a 30 de agosto e de 02 a 06 de setembro.<\/p>\n<p style=\"text-align: justify;\">Cuidados na colheita e p\u00f3s-colheita, mercado e tend\u00eancias cafeeiras, classifica\u00e7\u00e3o e indicadores de qualidade, torra, moagem, an\u00e1lise sensorial e degusta\u00e7\u00e3o foram alguns dos conte\u00fados abordados. O instrutor do Senar, Rafael Gustavo Morais de Oliveira, respons\u00e1vel pela grade program\u00e1tica, destacou algumas orienta\u00e7\u00f5es t\u00e9cnicas, como o processamento do caf\u00e9 na lavoura, a melhoria da qualidade do gr\u00e3o e as bebidas de caf\u00e9, conforme a Classifica\u00e7\u00e3o Oficial Brasileira (COB).<\/p>\n<p style=\"text-align: justify;\">Segundo Oliveira, a experi\u00eancia torna os participantes aptos a identificar os defeitos do caf\u00e9 nas pr\u00f3prias lavouras em que atuam. &#8220;Temos tamb\u00e9m a parte sensorial, que pode instig\u00e1-los a se preparar ainda mais nesse assunto e ingressar, futuramente, na \u00e1rea de degusta\u00e7\u00e3o. Muitos daqueles que fizeram o curso se apaixonaram e se tornaram bons degustadores de caf\u00e9&#8221;, conta.<\/p>\n<p>Carlos Vin\u00edcius de Lima Bacili, um dos cursistas, relata a experi\u00eancia: &#8220;Foi muito importante para mim, que sou filho de produtor, aprender algumas no\u00e7\u00f5es b\u00e1sicas de classifica\u00e7\u00e3o de caf\u00e9, torra e diferencia\u00e7\u00e3o de bebidas na classifica\u00e7\u00e3o COB. Destaco tamb\u00e9m o contato que tivemos com o caf\u00e9 conilon e os caf\u00e9s especiais&#8221;.<\/p>\n<p><strong>Fonte: Ascom InovaCaf\u00e9<\/strong><\/p>\n","protected":false},"excerpt":{"rendered":"<p>&nbsp; &nbsp; Vinte e seis pessoas conclu\u00edram o curso &#8220;Trabalhador da Cultura do Caf\u00e9\/Classifica\u00e7\u00e3o e Degusta\u00e7\u00e3o&#8221;, promovido pelo Servi\u00e7o Nacional de Aprendizagem Rural (Senar), em parceria com o Sindicato dos Produtores Rurais de Lavras e o Sistema Faemg. As aulas foram ministradas no Polo de Tecnologia em Qualidade do Caf\u00e9, localizado na Ag\u00eancia de Inova\u00e7\u00e3o [&hellip;]<\/p>\n","protected":false},"author":7,"featured_media":248578,"comment_status":"closed","ping_status":"closed","sticky":false,"template":"","format":"standard","meta":{"advanced_seo_description":"","jetpack_seo_html_title":"","jetpack_seo_noindex":false,"_jetpack_memberships_contains_paid_content":false,"footnotes":""},"categories":[13077,4],"tags":[467,466],"class_list":["post-248577","post","type-post","status-publish","format-standard","has-post-thumbnail","hentry","category-laterais-2","category-lavras","tag-automatico","tag-rascunho"],"jetpack_featured_media_url":"https:\/\/i0.wp.com\/www.lavras24horas.com.br\/portal\/wp-content\/uploads\/2019\/09\/Foto-2.jpeg?fit=500%2C375&ssl=1","jetpack_sharing_enabled":true,"jetpack_likes_enabled":true,"_links":{"self":[{"href":"https:\/\/www.lavras24horas.com.br\/portal\/wp-json\/wp\/v2\/posts\/248577","targetHints":{"allow":["GET"]}}],"collection":[{"href":"https:\/\/www.lavras24horas.com.br\/portal\/wp-json\/wp\/v2\/posts"}],"about":[{"href":"https:\/\/www.lavras24horas.com.br\/portal\/wp-json\/wp\/v2\/types\/post"}],"author":[{"embeddable":true,"href":"https:\/\/www.lavras24horas.com.br\/portal\/wp-json\/wp\/v2\/users\/7"}],"replies":[{"embeddable":true,"href":"https:\/\/www.lavras24horas.com.br\/portal\/wp-json\/wp\/v2\/comments?post=248577"}],"version-history":[{"count":2,"href":"https:\/\/www.lavras24horas.com.br\/portal\/wp-json\/wp\/v2\/posts\/248577\/revisions"}],"predecessor-version":[{"id":248580,"href":"https:\/\/www.lavras24horas.com.br\/portal\/wp-json\/wp\/v2\/posts\/248577\/revisions\/248580"}],"wp:featuredmedia":[{"embeddable":true,"href":"https:\/\/www.lavras24horas.com.br\/portal\/wp-json\/wp\/v2\/media\/248578"}],"wp:attachment":[{"href":"https:\/\/www.lavras24horas.com.br\/portal\/wp-json\/wp\/v2\/media?parent=248577"}],"wp:term":[{"taxonomy":"category","embeddable":true,"href":"https:\/\/www.lavras24horas.com.br\/portal\/wp-json\/wp\/v2\/categories?post=248577"},{"taxonomy":"post_tag","embeddable":true,"href":"https:\/\/www.lavras24horas.com.br\/portal\/wp-json\/wp\/v2\/tags?post=248577"}],"curies":[{"name":"wp","href":"https:\/\/api.w.org\/{rel}","templated":true}]}}