{"id":248566,"date":"2019-09-13T14:44:55","date_gmt":"2019-09-13T17:44:55","guid":{"rendered":"https:\/\/www.lavras24horas.com.br\/portal\/?p=248566"},"modified":"2019-09-13T14:47:48","modified_gmt":"2019-09-13T17:47:48","slug":"onda-de-queimadas-se-mantem-em-alta-afirma-corpo-de-bombeiros","status":"publish","type":"post","link":"https:\/\/www.lavras24horas.com.br\/portal\/onda-de-queimadas-se-mantem-em-alta-afirma-corpo-de-bombeiros\/","title":{"rendered":"Lavras: Onda de queimadas se mant\u00e9m em alta, afirma Corpo de Bombeiros"},"content":{"rendered":"<p style=\"text-align: justify;\">O 9\u00ba Batalh\u00e3o de Bombeiro Militar\/2\u00aa Cia\/1\u00aa PEL de Lavras informou nesta sexta-feira, dia 13, que h\u00e1 altos \u00edndices de queimadas nas \u00faltimas semanas na cidade.<\/p>\n<p style=\"text-align: justify;\">Segundo o respons\u00e1vel pela corpora\u00e7\u00e3o, tenente Diego Artoni, os focos de inc\u00eandio acontecem tanto na zona urbana quanto rural. O clima seco, segundo ele, aliado a imprud\u00eancia das pessoas \u00e9 propicio para a prolifera\u00e7\u00e3o do problema.<\/p>\n<p style=\"text-align: justify;\">\u201cA queimada no clima seco tem uma causa natural, mas a a\u00e7\u00e3o humana, com a queima de mato ou lixo poderia ser evitada. Dessa forma, quando o fogo de alastra, n\u00e3o tem como ele ser controlado\u201d, afirmou.<\/p>\n<p style=\"text-align: justify;\">Tenente Diego Artoni orienta as pessoas a fazerem a limpeza em torno dos lotes e casas, o chamado \u201caceiro\u201d, a\u00e7\u00e3o que impede que o fogo, no canso de uma queimada, possa atingir casas e lotes.<\/p>\n<p style=\"text-align: justify;\">Ele lembrou que a legisla\u00e7\u00e3o municipal e federal pune rigorosamente a pr\u00e1tica de queimas, mesmo que de forma acidental.<\/p>\n","protected":false},"excerpt":{"rendered":"<p>O 9\u00ba Batalh\u00e3o de Bombeiro Militar\/2\u00aa Cia\/1\u00aa PEL de Lavras informou nesta sexta-feira, dia 13, que h\u00e1 altos \u00edndices de queimadas nas \u00faltimas semanas na cidade. Segundo o respons\u00e1vel pela corpora\u00e7\u00e3o, tenente Diego Artoni, os focos de inc\u00eandio acontecem tanto na zona urbana quanto rural. O clima seco, segundo ele, aliado a imprud\u00eancia das pessoas [&hellip;]<\/p>\n","protected":false},"author":7,"featured_media":248567,"comment_status":"closed","ping_status":"closed","sticky":false,"template":"","format":"standard","meta":{"advanced_seo_description":"","jetpack_seo_html_title":"","jetpack_seo_noindex":false,"_jetpack_memberships_contains_paid_content":false,"footnotes":""},"categories":[13077,4],"tags":[467,466],"class_list":["post-248566","post","type-post","status-publish","format-standard","has-post-thumbnail","hentry","category-laterais-2","category-lavras","tag-automatico","tag-rascunho"],"jetpack_featured_media_url":"https:\/\/i0.wp.com\/www.lavras24horas.com.br\/portal\/wp-content\/uploads\/2019\/09\/img-0042.jpg?fit=650%2C433&ssl=1","jetpack_sharing_enabled":true,"jetpack_likes_enabled":true,"_links":{"self":[{"href":"https:\/\/www.lavras24horas.com.br\/portal\/wp-json\/wp\/v2\/posts\/248566","targetHints":{"allow":["GET"]}}],"collection":[{"href":"https:\/\/www.lavras24horas.com.br\/portal\/wp-json\/wp\/v2\/posts"}],"about":[{"href":"https:\/\/www.lavras24horas.com.br\/portal\/wp-json\/wp\/v2\/types\/post"}],"author":[{"embeddable":true,"href":"https:\/\/www.lavras24horas.com.br\/portal\/wp-json\/wp\/v2\/users\/7"}],"replies":[{"embeddable":true,"href":"https:\/\/www.lavras24horas.com.br\/portal\/wp-json\/wp\/v2\/comments?post=248566"}],"version-history":[{"count":2,"href":"https:\/\/www.lavras24horas.com.br\/portal\/wp-json\/wp\/v2\/posts\/248566\/revisions"}],"predecessor-version":[{"id":248573,"href":"https:\/\/www.lavras24horas.com.br\/portal\/wp-json\/wp\/v2\/posts\/248566\/revisions\/248573"}],"wp:featuredmedia":[{"embeddable":true,"href":"https:\/\/www.lavras24horas.com.br\/portal\/wp-json\/wp\/v2\/media\/248567"}],"wp:attachment":[{"href":"https:\/\/www.lavras24horas.com.br\/portal\/wp-json\/wp\/v2\/media?parent=248566"}],"wp:term":[{"taxonomy":"category","embeddable":true,"href":"https:\/\/www.lavras24horas.com.br\/portal\/wp-json\/wp\/v2\/categories?post=248566"},{"taxonomy":"post_tag","embeddable":true,"href":"https:\/\/www.lavras24horas.com.br\/portal\/wp-json\/wp\/v2\/tags?post=248566"}],"curies":[{"name":"wp","href":"https:\/\/api.w.org\/{rel}","templated":true}]}}