{"id":248564,"date":"2019-09-13T12:21:26","date_gmt":"2019-09-13T15:21:26","guid":{"rendered":"https:\/\/www.lavras24horas.com.br\/portal\/?p=248564"},"modified":"2019-09-13T12:21:26","modified_gmt":"2019-09-13T15:21:26","slug":"mulher-e-morta-a-facadas-na-regiao","status":"publish","type":"post","link":"https:\/\/www.lavras24horas.com.br\/portal\/mulher-e-morta-a-facadas-na-regiao\/","title":{"rendered":"Mulher \u00e9 morta a facadas na regi\u00e3o"},"content":{"rendered":"<div class=\"mc-column content-text active-extra-styles active-capital-letter\" data-block-type=\"unstyled\" data-block-weight=\"38\" data-block-id=\"1\">\n<p data-track-category=\"Link no Texto\" data-track-links=\"\">\n<p data-track-category=\"Link no Texto\" data-track-links=\"\">\n<p class=\"content-text__container theme-color-primary-first-letter\" style=\"text-align: justify;\" data-track-category=\"Link no Texto\" data-track-links=\"\">Uma mulher foi morta a facadas no Centro de Campo Belo (MG) na manh\u00e3 desta sexta-feira (13). De acordo com a Pol\u00edcia Civil, o crime foi registrado como feminic\u00eddio e o principal suspeito \u00e9 um ex-companheiro da v\u00edtima.<\/p>\n<\/div>\n<div class=\"wall protected-content\">\n<div class=\"mc-column content-text active-extra-styles \" style=\"text-align: justify;\" data-block-type=\"unstyled\" data-block-weight=\"29\" data-block-id=\"2\">\n<p class=\"content-text__container \" data-track-category=\"Link no Texto\" data-track-links=\"\">A mulher foi identificada como Regiane Souza Rodrigues, de 33 anos. Conforme a pol\u00edcia, ela foi surpreendida na porta da casa onde trabalhava como dom\u00e9stica, na Rua Aquiles Gamboji.<\/p>\n<\/div>\n<div class=\"mc-column content-text active-extra-styles \" style=\"text-align: justify;\" data-block-type=\"unstyled\" data-block-weight=\"22\" data-block-id=\"3\">\n<p class=\"content-text__container \" data-track-category=\"Link no Texto\" data-track-links=\"\">O criminoso chegou ao local em um carro, atacou Regiane e depois fugiu. O ve\u00edculo foi abandonado em uma empresa da cidade.<\/p>\n<\/div>\n<div class=\"mc-column content-text active-extra-styles \" style=\"text-align: justify;\" data-block-type=\"unstyled\" data-block-weight=\"23\" data-block-id=\"4\">\n<p class=\"content-text__container \" data-track-category=\"Link no Texto\" data-track-links=\"\">O Samu (Servi\u00e7o de Atendimento M\u00f3vel de Urg\u00eancia) foi acionado para prestar socorro, mas quando chegou ao local, a v\u00edtima j\u00e1 havia morrido.<\/p>\n<\/div>\n<div class=\"mc-column content-text active-extra-styles \" data-block-type=\"unstyled\" data-block-weight=\"25\" data-block-id=\"5\">\n<p class=\"content-text__container \" style=\"text-align: justify;\" data-track-category=\"Link no Texto\" data-track-links=\"\">A Pol\u00edcia Civil agora analisa imagens de circuitos de seguran\u00e7a da regi\u00e3o para confirmar a identidade do suspeito. At\u00e9 esta publica\u00e7\u00e3o, ningu\u00e9m havia sido preso.<\/p>\n<p data-track-category=\"Link no Texto\" data-track-links=\"\">Fonte: G1<\/p>\n<\/div>\n<\/div>\n","protected":false},"excerpt":{"rendered":"<p>Uma mulher foi morta a facadas no Centro de Campo Belo (MG) na manh\u00e3 desta sexta-feira (13). De acordo com a Pol\u00edcia Civil, o crime foi registrado como feminic\u00eddio e o principal suspeito \u00e9 um ex-companheiro da v\u00edtima. A mulher foi identificada como Regiane Souza Rodrigues, de 33 anos. Conforme a pol\u00edcia, ela foi surpreendida [&hellip;]<\/p>\n","protected":false},"author":7,"featured_media":248229,"comment_status":"closed","ping_status":"closed","sticky":false,"template":"","format":"standard","meta":{"advanced_seo_description":"","jetpack_seo_html_title":"","jetpack_seo_noindex":false,"_jetpack_memberships_contains_paid_content":false,"footnotes":""},"categories":[13,4],"tags":[467,466],"class_list":["post-248564","post","type-post","status-publish","format-standard","has-post-thumbnail","hentry","category-laterais-1","category-lavras","tag-automatico","tag-rascunho"],"jetpack_featured_media_url":"https:\/\/i0.wp.com\/www.lavras24horas.com.br\/portal\/wp-content\/uploads\/2019\/09\/giroflex-policia-divulgacao.jpg?fit=758%2C452&ssl=1","jetpack_sharing_enabled":true,"jetpack_likes_enabled":true,"_links":{"self":[{"href":"https:\/\/www.lavras24horas.com.br\/portal\/wp-json\/wp\/v2\/posts\/248564","targetHints":{"allow":["GET"]}}],"collection":[{"href":"https:\/\/www.lavras24horas.com.br\/portal\/wp-json\/wp\/v2\/posts"}],"about":[{"href":"https:\/\/www.lavras24horas.com.br\/portal\/wp-json\/wp\/v2\/types\/post"}],"author":[{"embeddable":true,"href":"https:\/\/www.lavras24horas.com.br\/portal\/wp-json\/wp\/v2\/users\/7"}],"replies":[{"embeddable":true,"href":"https:\/\/www.lavras24horas.com.br\/portal\/wp-json\/wp\/v2\/comments?post=248564"}],"version-history":[{"count":1,"href":"https:\/\/www.lavras24horas.com.br\/portal\/wp-json\/wp\/v2\/posts\/248564\/revisions"}],"predecessor-version":[{"id":248565,"href":"https:\/\/www.lavras24horas.com.br\/portal\/wp-json\/wp\/v2\/posts\/248564\/revisions\/248565"}],"wp:featuredmedia":[{"embeddable":true,"href":"https:\/\/www.lavras24horas.com.br\/portal\/wp-json\/wp\/v2\/media\/248229"}],"wp:attachment":[{"href":"https:\/\/www.lavras24horas.com.br\/portal\/wp-json\/wp\/v2\/media?parent=248564"}],"wp:term":[{"taxonomy":"category","embeddable":true,"href":"https:\/\/www.lavras24horas.com.br\/portal\/wp-json\/wp\/v2\/categories?post=248564"},{"taxonomy":"post_tag","embeddable":true,"href":"https:\/\/www.lavras24horas.com.br\/portal\/wp-json\/wp\/v2\/tags?post=248564"}],"curies":[{"name":"wp","href":"https:\/\/api.w.org\/{rel}","templated":true}]}}