{"id":248557,"date":"2019-09-13T12:10:08","date_gmt":"2019-09-13T15:10:08","guid":{"rendered":"https:\/\/www.lavras24horas.com.br\/portal\/?p=248557"},"modified":"2019-09-13T12:10:08","modified_gmt":"2019-09-13T15:10:08","slug":"videos-sociais-de-alunos-do-sul-de-minas-agitam-a-internet","status":"publish","type":"post","link":"https:\/\/www.lavras24horas.com.br\/portal\/videos-sociais-de-alunos-do-sul-de-minas-agitam-a-internet\/","title":{"rendered":"V\u00eddeos sociais de alunos do Sul de Minas agitam a Internet"},"content":{"rendered":"<p>&nbsp;<\/p>\n<p>&nbsp;<\/p>\n<p style=\"text-align: justify;\">Empenho, sustentabilidade e muita criatividade marcaram os v\u00eddeos dos estudantes de ensino m\u00e9dio que participam da Gincana da FAI 2019. Sucesso desde de sua primeira edi\u00e7\u00e3o, em 2007, a Gincana interescolar do Sul de Minas est\u00e1 de volta em 2019 para integrar e conscientizar os jovens da regi\u00e3o.<\/p>\n<p style=\"text-align: justify;\">Com o objetivo de contribuir para a forma\u00e7\u00e3o de cidad\u00e3os respons\u00e1veis preparados para transformar a realidade da sua cidade, a Gincana deste ano tem como tema os 17 Objetivos de Desenvolvimento Social da ONU (ODS). Nesse sentido, para a primeira etapa, equipes de alunos nas 25 escolas inscritas criaram v\u00eddeos art\u00edsticos ou em forma de relato abordando um dos ODS.<\/p>\n<p style=\"text-align: justify;\">Ana Paula de Souza, de 21 anos, ex-aluna do Escola Estadual Dr. Delfim Moreira, participou da Gincana de 2015, ano em que conquistaram o segundo lugar. A estudante conta que tem cenas memor\u00e1veis do evento, com muito trabalho em equipe, com torcidas animadas e gritos de guerra, que tamb\u00e9m pontuam no cronograma. Sobre o motivo de terem conquistado a posi\u00e7\u00e3o, Ana Paula relata \u201ccom certeza o diferencial para termos conseguido o segundo lugar foi a dedica\u00e7\u00e3o da nossa professora, que inspirou os alunos a realizarem tarefas com dedica\u00e7\u00e3o\u201d.<\/p>\n<p style=\"text-align: justify;\"><strong><u>V\u00cdDEOS <\/u><\/strong><\/p>\n<p style=\"text-align: justify;\">Os v\u00eddeos estar\u00e3o dispon\u00edveis a partir do dia 14\/09 nas p\u00e1ginas do Facebook e Youtube da FAI. Entre os dias 14 a 23\/09, os trabalhos com mais engajamento ser\u00e3o avaliados pelo p\u00fablico, os que tiverem maior pontua\u00e7\u00e3o representar\u00e3o sua escola sob forma de apresenta\u00e7\u00e3o na final da Gincana que acontecer\u00e1 no dia 5 de outubro em Santa Rita do Sapuca\u00ed, no Gin\u00e1sio Alcid\u00e3o. A expectativa de p\u00fablico \u00e9 de cerca de mil participantes.<\/p>\n","protected":false},"excerpt":{"rendered":"<p>&nbsp; &nbsp; Empenho, sustentabilidade e muita criatividade marcaram os v\u00eddeos dos estudantes de ensino m\u00e9dio que participam da Gincana da FAI 2019. Sucesso desde de sua primeira edi\u00e7\u00e3o, em 2007, a Gincana interescolar do Sul de Minas est\u00e1 de volta em 2019 para integrar e conscientizar os jovens da regi\u00e3o. Com o objetivo de contribuir [&hellip;]<\/p>\n","protected":false},"author":7,"featured_media":248558,"comment_status":"closed","ping_status":"closed","sticky":false,"template":"","format":"standard","meta":{"advanced_seo_description":"","jetpack_seo_html_title":"","jetpack_seo_noindex":false,"_jetpack_memberships_contains_paid_content":false,"footnotes":""},"categories":[12,4],"tags":[467,466],"class_list":["post-248557","post","type-post","status-publish","format-standard","has-post-thumbnail","hentry","category-destaques-1","category-lavras","tag-automatico","tag-rascunho"],"jetpack_featured_media_url":"https:\/\/i0.wp.com\/www.lavras24horas.com.br\/portal\/wp-content\/uploads\/2019\/09\/Gincana-da-FAI-12-09-2019.png?fit=500%2C281&ssl=1","jetpack_sharing_enabled":true,"jetpack_likes_enabled":true,"_links":{"self":[{"href":"https:\/\/www.lavras24horas.com.br\/portal\/wp-json\/wp\/v2\/posts\/248557","targetHints":{"allow":["GET"]}}],"collection":[{"href":"https:\/\/www.lavras24horas.com.br\/portal\/wp-json\/wp\/v2\/posts"}],"about":[{"href":"https:\/\/www.lavras24horas.com.br\/portal\/wp-json\/wp\/v2\/types\/post"}],"author":[{"embeddable":true,"href":"https:\/\/www.lavras24horas.com.br\/portal\/wp-json\/wp\/v2\/users\/7"}],"replies":[{"embeddable":true,"href":"https:\/\/www.lavras24horas.com.br\/portal\/wp-json\/wp\/v2\/comments?post=248557"}],"version-history":[{"count":1,"href":"https:\/\/www.lavras24horas.com.br\/portal\/wp-json\/wp\/v2\/posts\/248557\/revisions"}],"predecessor-version":[{"id":248559,"href":"https:\/\/www.lavras24horas.com.br\/portal\/wp-json\/wp\/v2\/posts\/248557\/revisions\/248559"}],"wp:featuredmedia":[{"embeddable":true,"href":"https:\/\/www.lavras24horas.com.br\/portal\/wp-json\/wp\/v2\/media\/248558"}],"wp:attachment":[{"href":"https:\/\/www.lavras24horas.com.br\/portal\/wp-json\/wp\/v2\/media?parent=248557"}],"wp:term":[{"taxonomy":"category","embeddable":true,"href":"https:\/\/www.lavras24horas.com.br\/portal\/wp-json\/wp\/v2\/categories?post=248557"},{"taxonomy":"post_tag","embeddable":true,"href":"https:\/\/www.lavras24horas.com.br\/portal\/wp-json\/wp\/v2\/tags?post=248557"}],"curies":[{"name":"wp","href":"https:\/\/api.w.org\/{rel}","templated":true}]}}