{"id":248529,"date":"2019-09-13T07:00:09","date_gmt":"2019-09-13T10:00:09","guid":{"rendered":"https:\/\/www.lavras24horas.com.br\/portal\/?p=248529"},"modified":"2019-09-12T16:32:07","modified_gmt":"2019-09-12T19:32:07","slug":"confira-o-cardapio-do-gastronomia-solidaria-2019","status":"publish","type":"post","link":"https:\/\/www.lavras24horas.com.br\/portal\/confira-o-cardapio-do-gastronomia-solidaria-2019\/","title":{"rendered":"Confira o card\u00e1pio do Gastronomia Solid\u00e1ria 2019"},"content":{"rendered":"<p>&nbsp;<\/p>\n<p style=\"text-align: justify;\">Acontecer\u00e1 neste m\u00eas de setembro a quarta edi\u00e7\u00e3o do Gastronomia Solid\u00e1ria promovido pela Comunidade Eterna Miseric\u00f3rdia de Lavras.<\/p>\n<p style=\"text-align: justify;\">O evento, que entrou para o calend\u00e1rio da cidade, ser\u00e1 realizado no dia 28 de setembro, \u00e0s 20h, no Espa\u00e7o Granfinalle, com a presen\u00e7a de v\u00e1rios culinaristas e chef\u2019s lavrenses e seus pratos maravilhosos.\u00a0 S\u00e3o esperadas 450 pessoas para esta na edi\u00e7\u00e3o deste ano.<\/p>\n<p style=\"text-align: justify;\">Os ingressos para essa edi\u00e7\u00e3o s\u00e3o comercializados por R$ 120,00 no dinheiro\/ R$130,00 no cart\u00e3o at\u00e9 2x (a bebida est\u00e1 inclusa) no caso dos adultos, e crian\u00e7as pagam R$ 60,00 no dinheiro\/ R$70,00 no cart\u00e3o at\u00e9 2x (crian\u00e7a de 8 \u00e0 12 anos). Crian\u00e7as menores de oito anos n\u00e3o pagam.<\/p>\n<p style=\"text-align: justify;\">Maiores informa\u00e7\u00f5es pelos telefones: 35 9 8868-8243 (whatsapp) &#8211; 3826-0068.<\/p>\n<p><strong>Card\u00e1pio:\u00a0<\/strong><\/p>\n<p><img data-recalc-dims=\"1\" fetchpriority=\"high\" decoding=\"async\" data-attachment-id=\"248530\" data-permalink=\"https:\/\/www.lavras24horas.com.br\/portal\/confira-o-cardapio-do-gastronomia-solidaria-2019\/05165276-70bd-47f7-afae-d04e3d9bb1f0\/\" data-orig-file=\"https:\/\/i0.wp.com\/www.lavras24horas.com.br\/portal\/wp-content\/uploads\/2019\/09\/05165276-70bd-47f7-afae-d04e3d9bb1f0.jpg?fit=671%2C1280&amp;ssl=1\" data-orig-size=\"671,1280\" data-comments-opened=\"0\" data-image-meta=\"{&quot;aperture&quot;:&quot;0&quot;,&quot;credit&quot;:&quot;&quot;,&quot;camera&quot;:&quot;&quot;,&quot;caption&quot;:&quot;&quot;,&quot;created_timestamp&quot;:&quot;0&quot;,&quot;copyright&quot;:&quot;&quot;,&quot;focal_length&quot;:&quot;0&quot;,&quot;iso&quot;:&quot;0&quot;,&quot;shutter_speed&quot;:&quot;0&quot;,&quot;title&quot;:&quot;&quot;,&quot;orientation&quot;:&quot;0&quot;}\" data-image-title=\"05165276-70bd-47f7-afae-d04e3d9bb1f0\" data-image-description=\"\" data-image-caption=\"\" data-large-file=\"https:\/\/i0.wp.com\/www.lavras24horas.com.br\/portal\/wp-content\/uploads\/2019\/09\/05165276-70bd-47f7-afae-d04e3d9bb1f0.jpg?fit=173%2C330&amp;ssl=1\" class=\"aligncenter wp-image-248530 size-full\" src=\"https:\/\/i0.wp.com\/www.lavras24horas.com.br\/portal\/wp-content\/uploads\/2019\/09\/05165276-70bd-47f7-afae-d04e3d9bb1f0.jpg?resize=671%2C1280&#038;ssl=1\" alt=\"\" width=\"671\" height=\"1280\" srcset=\"https:\/\/i0.wp.com\/www.lavras24horas.com.br\/portal\/wp-content\/uploads\/2019\/09\/05165276-70bd-47f7-afae-d04e3d9bb1f0.jpg?w=671&amp;ssl=1 671w, https:\/\/i0.wp.com\/www.lavras24horas.com.br\/portal\/wp-content\/uploads\/2019\/09\/05165276-70bd-47f7-afae-d04e3d9bb1f0.jpg?resize=173%2C330&amp;ssl=1 173w\" sizes=\"(max-width: 671px) 100vw, 671px\" \/><\/p>\n<p><img data-recalc-dims=\"1\" decoding=\"async\" data-attachment-id=\"248531\" data-permalink=\"https:\/\/www.lavras24horas.com.br\/portal\/confira-o-cardapio-do-gastronomia-solidaria-2019\/05c44ffb-1469-45c3-8534-31b1bee5d10d\/\" data-orig-file=\"https:\/\/i0.wp.com\/www.lavras24horas.com.br\/portal\/wp-content\/uploads\/2019\/09\/05c44ffb-1469-45c3-8534-31b1bee5d10d.jpg?fit=671%2C1280&amp;ssl=1\" data-orig-size=\"671,1280\" data-comments-opened=\"0\" data-image-meta=\"{&quot;aperture&quot;:&quot;0&quot;,&quot;credit&quot;:&quot;&quot;,&quot;camera&quot;:&quot;&quot;,&quot;caption&quot;:&quot;&quot;,&quot;created_timestamp&quot;:&quot;0&quot;,&quot;copyright&quot;:&quot;&quot;,&quot;focal_length&quot;:&quot;0&quot;,&quot;iso&quot;:&quot;0&quot;,&quot;shutter_speed&quot;:&quot;0&quot;,&quot;title&quot;:&quot;&quot;,&quot;orientation&quot;:&quot;0&quot;}\" data-image-title=\"05c44ffb-1469-45c3-8534-31b1bee5d10d\" data-image-description=\"\" data-image-caption=\"\" data-large-file=\"https:\/\/i0.wp.com\/www.lavras24horas.com.br\/portal\/wp-content\/uploads\/2019\/09\/05c44ffb-1469-45c3-8534-31b1bee5d10d.jpg?fit=173%2C330&amp;ssl=1\" class=\"aligncenter wp-image-248531 size-full\" src=\"https:\/\/i0.wp.com\/www.lavras24horas.com.br\/portal\/wp-content\/uploads\/2019\/09\/05c44ffb-1469-45c3-8534-31b1bee5d10d.jpg?resize=671%2C1280&#038;ssl=1\" alt=\"\" width=\"671\" height=\"1280\" srcset=\"https:\/\/i0.wp.com\/www.lavras24horas.com.br\/portal\/wp-content\/uploads\/2019\/09\/05c44ffb-1469-45c3-8534-31b1bee5d10d.jpg?w=671&amp;ssl=1 671w, https:\/\/i0.wp.com\/www.lavras24horas.com.br\/portal\/wp-content\/uploads\/2019\/09\/05c44ffb-1469-45c3-8534-31b1bee5d10d.jpg?resize=173%2C330&amp;ssl=1 173w\" sizes=\"(max-width: 671px) 100vw, 671px\" \/><\/p>\n<p><img data-recalc-dims=\"1\" decoding=\"async\" data-attachment-id=\"248532\" data-permalink=\"https:\/\/www.lavras24horas.com.br\/portal\/confira-o-cardapio-do-gastronomia-solidaria-2019\/a9f26452-a7b3-4f7e-b0c4-1fafa945de70\/\" data-orig-file=\"https:\/\/i0.wp.com\/www.lavras24horas.com.br\/portal\/wp-content\/uploads\/2019\/09\/a9f26452-a7b3-4f7e-b0c4-1fafa945de70.jpg?fit=671%2C1280&amp;ssl=1\" data-orig-size=\"671,1280\" data-comments-opened=\"0\" data-image-meta=\"{&quot;aperture&quot;:&quot;0&quot;,&quot;credit&quot;:&quot;&quot;,&quot;camera&quot;:&quot;&quot;,&quot;caption&quot;:&quot;&quot;,&quot;created_timestamp&quot;:&quot;0&quot;,&quot;copyright&quot;:&quot;&quot;,&quot;focal_length&quot;:&quot;0&quot;,&quot;iso&quot;:&quot;0&quot;,&quot;shutter_speed&quot;:&quot;0&quot;,&quot;title&quot;:&quot;&quot;,&quot;orientation&quot;:&quot;0&quot;}\" data-image-title=\"a9f26452-a7b3-4f7e-b0c4-1fafa945de70\" data-image-description=\"\" data-image-caption=\"\" data-large-file=\"https:\/\/i0.wp.com\/www.lavras24horas.com.br\/portal\/wp-content\/uploads\/2019\/09\/a9f26452-a7b3-4f7e-b0c4-1fafa945de70.jpg?fit=173%2C330&amp;ssl=1\" class=\"aligncenter wp-image-248532 size-full\" src=\"https:\/\/i0.wp.com\/www.lavras24horas.com.br\/portal\/wp-content\/uploads\/2019\/09\/a9f26452-a7b3-4f7e-b0c4-1fafa945de70.jpg?resize=671%2C1280&#038;ssl=1\" alt=\"\" width=\"671\" height=\"1280\" srcset=\"https:\/\/i0.wp.com\/www.lavras24horas.com.br\/portal\/wp-content\/uploads\/2019\/09\/a9f26452-a7b3-4f7e-b0c4-1fafa945de70.jpg?w=671&amp;ssl=1 671w, https:\/\/i0.wp.com\/www.lavras24horas.com.br\/portal\/wp-content\/uploads\/2019\/09\/a9f26452-a7b3-4f7e-b0c4-1fafa945de70.jpg?resize=173%2C330&amp;ssl=1 173w\" sizes=\"(max-width: 671px) 100vw, 671px\" \/><\/p>\n<p>&nbsp;<\/p>\n<p>&nbsp;<\/p>\n<p>&nbsp;<\/p>\n<p>&nbsp;<\/p>\n","protected":false},"excerpt":{"rendered":"<p>&nbsp; Acontecer\u00e1 neste m\u00eas de setembro a quarta edi\u00e7\u00e3o do Gastronomia Solid\u00e1ria promovido pela Comunidade Eterna Miseric\u00f3rdia de Lavras. O evento, que entrou para o calend\u00e1rio da cidade, ser\u00e1 realizado no dia 28 de setembro, \u00e0s 20h, no Espa\u00e7o Granfinalle, com a presen\u00e7a de v\u00e1rios culinaristas e chef\u2019s lavrenses e seus pratos maravilhosos.\u00a0 S\u00e3o esperadas [&hellip;]<\/p>\n","protected":false},"author":7,"featured_media":248533,"comment_status":"closed","ping_status":"closed","sticky":false,"template":"","format":"standard","meta":{"advanced_seo_description":"","jetpack_seo_html_title":"","jetpack_seo_noindex":false,"_jetpack_memberships_contains_paid_content":false,"footnotes":""},"categories":[14,4],"tags":[467,466],"class_list":["post-248529","post","type-post","status-publish","format-standard","has-post-thumbnail","hentry","category-destaques-2","category-lavras","tag-automatico","tag-rascunho"],"jetpack_featured_media_url":"https:\/\/i0.wp.com\/www.lavras24horas.com.br\/portal\/wp-content\/uploads\/2019\/09\/48365551_943344829196238_2841334025530900480_o.jpg?fit=500%2C333&ssl=1","jetpack_sharing_enabled":true,"jetpack_likes_enabled":true,"_links":{"self":[{"href":"https:\/\/www.lavras24horas.com.br\/portal\/wp-json\/wp\/v2\/posts\/248529","targetHints":{"allow":["GET"]}}],"collection":[{"href":"https:\/\/www.lavras24horas.com.br\/portal\/wp-json\/wp\/v2\/posts"}],"about":[{"href":"https:\/\/www.lavras24horas.com.br\/portal\/wp-json\/wp\/v2\/types\/post"}],"author":[{"embeddable":true,"href":"https:\/\/www.lavras24horas.com.br\/portal\/wp-json\/wp\/v2\/users\/7"}],"replies":[{"embeddable":true,"href":"https:\/\/www.lavras24horas.com.br\/portal\/wp-json\/wp\/v2\/comments?post=248529"}],"version-history":[{"count":2,"href":"https:\/\/www.lavras24horas.com.br\/portal\/wp-json\/wp\/v2\/posts\/248529\/revisions"}],"predecessor-version":[{"id":248547,"href":"https:\/\/www.lavras24horas.com.br\/portal\/wp-json\/wp\/v2\/posts\/248529\/revisions\/248547"}],"wp:featuredmedia":[{"embeddable":true,"href":"https:\/\/www.lavras24horas.com.br\/portal\/wp-json\/wp\/v2\/media\/248533"}],"wp:attachment":[{"href":"https:\/\/www.lavras24horas.com.br\/portal\/wp-json\/wp\/v2\/media?parent=248529"}],"wp:term":[{"taxonomy":"category","embeddable":true,"href":"https:\/\/www.lavras24horas.com.br\/portal\/wp-json\/wp\/v2\/categories?post=248529"},{"taxonomy":"post_tag","embeddable":true,"href":"https:\/\/www.lavras24horas.com.br\/portal\/wp-json\/wp\/v2\/tags?post=248529"}],"curies":[{"name":"wp","href":"https:\/\/api.w.org\/{rel}","templated":true}]}}