{"id":248525,"date":"2019-09-13T07:00:28","date_gmt":"2019-09-13T10:00:28","guid":{"rendered":"https:\/\/www.lavras24horas.com.br\/portal\/?p=248525"},"modified":"2019-09-12T16:47:05","modified_gmt":"2019-09-12T19:47:05","slug":"comunidade-de-nossa-senhora-das-merces-prepara-festa-de-sua-padroeira","status":"publish","type":"post","link":"https:\/\/www.lavras24horas.com.br\/portal\/comunidade-de-nossa-senhora-das-merces-prepara-festa-de-sua-padroeira\/","title":{"rendered":"Festa de Nossa Senhora das Merc\u00eas ser\u00e1 realizada no dia 28"},"content":{"rendered":"<p>&nbsp;<\/p>\n<p style=\"text-align: justify;\">A comunidade de Nossa Senhora das Merc\u00eas se prepara para celebrar\u00a0 a festa de sua padroeira.\u00a0A programa\u00e7\u00e3o acontece nos dias 25, 26 e 27 deste m\u00eas quando acontece, sempre \u00e0s 19h, o tr\u00edduo preparat\u00f3rio para a festa na capela dedicada \u00e0 ela. A festa no dia 28 ser\u00e1 comemorada \u00e0s 19h no Col\u00e9gio Nossa Senhora de Lourdes com missa e barraquinhas.<\/p>\n<p><strong>Hist\u00f3ria<\/strong><\/p>\n<p style=\"text-align: justify;\">A devo\u00e7\u00e3o a Nossa das Merc\u00eas data aproximadamente de 1218, quando os \u00e1rabes dominavam parte da pen\u00ednsula Ib\u00e9rica e faziam incurs\u00f5es \u00e0s terras, praianas da Fran\u00e7a e It\u00e1lia e nos mares assaltavam as embarca\u00e7\u00f5es para, de toda forma que podiam roubar, matar e levar para o cativeiro da \u00c1frica, os homens, mulheres e crian\u00e7as que encontravam.<\/p>\n<p style=\"text-align: justify;\">Os crist\u00e3os capturados eram submetidos a trabalhos for\u00e7ados e \u00e0 dura escravid\u00e3o (da\u00ed as correntes nas m\u00e3os dos anjinhos aos p\u00e9s de Nossa Senhora das Merc\u00eas), da qual podiam livrar-se, renunciando a f\u00e9 Cat\u00f3lica e abra\u00e7ando as doutrinas e costumes mu\u00e7ulmanos. Diante de tamanho sofrimento, muitos trocavam a f\u00e9 cat\u00f3lica pelos ensinamentos religiosos dos dominadores.<\/p>\n<p style=\"text-align: justify;\">Nossa Senhora, compadecida dos seus filhos e filhas, aparece a tr\u00eas jovens: o te\u00f3logo S\u00e3o Pedro Nolasco, o rei Jaime I de Arag\u00e3o, e o militar Raimundo. Ela os convida para que fundem a Ordem dos Merced\u00e1rios encarregada de socorrer os pobres crist\u00e3os e mant\u00ea-los na f\u00e9 e nos costumes. Os tr\u00eas jovens levaram a not\u00edcia ao Bispo local, este ao Papa, e receberam autoriza\u00e7\u00e3o da Igreja para fundarem a &#8220;Ordem de Nossa Senhora das Merc\u00eas&#8221;.\u00a0A Ordem nasceu, cresceu e espalhou-se em seguida pelo mundo inteiro, tendo como carisma o resgate dos cativos. Desse fato surgiu a devo\u00e7\u00e3o a Nossa Senhora das Merc\u00eas.<\/p>\n","protected":false},"excerpt":{"rendered":"<p>&nbsp; A comunidade de Nossa Senhora das Merc\u00eas se prepara para celebrar\u00a0 a festa de sua padroeira.\u00a0A programa\u00e7\u00e3o acontece nos dias 25, 26 e 27 deste m\u00eas quando acontece, sempre \u00e0s 19h, o tr\u00edduo preparat\u00f3rio para a festa na capela dedicada \u00e0 ela. A festa no dia 28 ser\u00e1 comemorada \u00e0s 19h no Col\u00e9gio Nossa [&hellip;]<\/p>\n","protected":false},"author":7,"featured_media":248526,"comment_status":"closed","ping_status":"closed","sticky":false,"template":"","format":"standard","meta":{"advanced_seo_description":"","jetpack_seo_html_title":"","jetpack_seo_noindex":false,"_jetpack_memberships_contains_paid_content":false,"footnotes":""},"categories":[13077,4],"tags":[467,466],"class_list":["post-248525","post","type-post","status-publish","format-standard","has-post-thumbnail","hentry","category-laterais-2","category-lavras","tag-automatico","tag-rascunho"],"jetpack_featured_media_url":"https:\/\/i0.wp.com\/www.lavras24horas.com.br\/portal\/wp-content\/uploads\/2019\/09\/grade-igreja-das-merces-2-945x420.jpg?fit=600%2C336&ssl=1","jetpack_sharing_enabled":true,"jetpack_likes_enabled":true,"_links":{"self":[{"href":"https:\/\/www.lavras24horas.com.br\/portal\/wp-json\/wp\/v2\/posts\/248525","targetHints":{"allow":["GET"]}}],"collection":[{"href":"https:\/\/www.lavras24horas.com.br\/portal\/wp-json\/wp\/v2\/posts"}],"about":[{"href":"https:\/\/www.lavras24horas.com.br\/portal\/wp-json\/wp\/v2\/types\/post"}],"author":[{"embeddable":true,"href":"https:\/\/www.lavras24horas.com.br\/portal\/wp-json\/wp\/v2\/users\/7"}],"replies":[{"embeddable":true,"href":"https:\/\/www.lavras24horas.com.br\/portal\/wp-json\/wp\/v2\/comments?post=248525"}],"version-history":[{"count":3,"href":"https:\/\/www.lavras24horas.com.br\/portal\/wp-json\/wp\/v2\/posts\/248525\/revisions"}],"predecessor-version":[{"id":248549,"href":"https:\/\/www.lavras24horas.com.br\/portal\/wp-json\/wp\/v2\/posts\/248525\/revisions\/248549"}],"wp:featuredmedia":[{"embeddable":true,"href":"https:\/\/www.lavras24horas.com.br\/portal\/wp-json\/wp\/v2\/media\/248526"}],"wp:attachment":[{"href":"https:\/\/www.lavras24horas.com.br\/portal\/wp-json\/wp\/v2\/media?parent=248525"}],"wp:term":[{"taxonomy":"category","embeddable":true,"href":"https:\/\/www.lavras24horas.com.br\/portal\/wp-json\/wp\/v2\/categories?post=248525"},{"taxonomy":"post_tag","embeddable":true,"href":"https:\/\/www.lavras24horas.com.br\/portal\/wp-json\/wp\/v2\/tags?post=248525"}],"curies":[{"name":"wp","href":"https:\/\/api.w.org\/{rel}","templated":true}]}}