{"id":248518,"date":"2019-09-12T15:00:26","date_gmt":"2019-09-12T18:00:26","guid":{"rendered":"https:\/\/www.lavras24horas.com.br\/portal\/?p=248518"},"modified":"2019-09-12T13:48:57","modified_gmt":"2019-09-12T16:48:57","slug":"sul-de-minas-ja-tem-mais-de-141-mil-casos-de-dengue-em-2019","status":"publish","type":"post","link":"https:\/\/www.lavras24horas.com.br\/portal\/sul-de-minas-ja-tem-mais-de-141-mil-casos-de-dengue-em-2019\/","title":{"rendered":"Sul de Minas j\u00e1 tem mais de 14,1 mil casos de dengue em 2019"},"content":{"rendered":"<div class=\"mc-column content-text active-extra-styles \" data-block-type=\"unstyled\" data-block-weight=\"46\" data-block-id=\"2\">\n<p class=\"content-text__container \" style=\"text-align: justify;\" data-track-category=\"Link no Texto\" data-track-links=\"\">O n\u00famero de casos de dengue no Sul de Minas j\u00e1 passa de 14,1 mil em 2019, de acordo com dados divulgados nesta quarta-feira (11) pelo Minist\u00e9rio da Sa\u00fade. A regi\u00e3o sofreu um aumento maior do que a m\u00e9dia registrada no estado e at\u00e9 no pa\u00eds.<\/p>\n<\/div>\n<div class=\"wall protected-content\">\n<div class=\"mc-column content-text active-extra-styles \" style=\"text-align: justify;\" data-block-type=\"unstyled\" data-block-weight=\"41\" data-block-id=\"3\">\n<p class=\"content-text__container \" data-track-category=\"Link no Texto\" data-track-links=\"\">Nas quatro unidades regionais de sa\u00fade do Sul de Minas, o n\u00famero de casos passou de 507 em 2018 para 14.117, o que representa um aumento de 2.684% de janeiro at\u00e9 agosto, em compara\u00e7\u00e3o com o mesmo per\u00edodo do ano passado.<\/p>\n<\/div>\n<div class=\"mc-column content-text active-extra-styles \" style=\"text-align: justify;\" data-block-type=\"unstyled\" data-block-weight=\"25\" data-block-id=\"4\">\n<p class=\"content-text__container \" data-track-category=\"Link no Texto\" data-track-links=\"\">O aumento na regi\u00e3o \u00e9 impulsionado principalmente pelo n\u00famero de casos registrado em tr\u00eas cidades, ainda de acordo com os dados do Minist\u00e9rio da Sa\u00fade:<\/p>\n<\/div>\n<div class=\"mc-column content-text active-extra-styles\" style=\"text-align: justify;\" data-block-type=\"raw\" data-block-weight=\"20\" data-block-id=\"5\">\n<ol class=\"content-ordered-list theme-ordered-list-color-primary\">\n<li>Em Passos, foram 3.323 ocorr\u00eancias.<\/li>\n<li>Em S\u00e3o Sebasti\u00e3o do Para\u00edso, foram 1.775 casos.<\/li>\n<li>E em Tr\u00eas Pontas foram, 1658 ocorr\u00eancias.<\/li>\n<\/ol>\n<\/div>\n<div class=\"mc-column content-text active-extra-styles\" style=\"text-align: justify;\" data-block-type=\"raw\" data-block-weight=\"3\" data-block-id=\"6\">\n<div class=\"content-intertitle\">\n<h2>N\u00fameros da dengue<\/h2>\n<\/div>\n<\/div>\n<div class=\"mc-column content-text active-extra-styles \" style=\"text-align: justify;\" data-block-type=\"unstyled\" data-block-weight=\"28\" data-block-id=\"7\">\n<p class=\"content-text__container \" data-track-category=\"Link no Texto\" data-track-links=\"\">Do in\u00edcio do ano at\u00e9 o fim de agosto, foram mais de um 1,4 mil de casos no Brasil. Um aumento de praticamente 600% em compara\u00e7\u00e3o com 2018.<\/p>\n<\/div>\n<div class=\"mc-column content-text active-extra-styles \" data-block-type=\"unstyled\" data-block-weight=\"24\" data-block-id=\"8\">\n<p class=\"content-text__container \" style=\"text-align: justify;\" data-track-category=\"Link no Texto\" data-track-links=\"\">Minas Gerais \u00e9 o estado onde a doen\u00e7a mais cresceu. O n\u00famero de casos passou de 23 mil para mais de 470 mil.<\/p>\n<\/div>\n<p data-track-category=\"Link no Texto\" data-track-links=\"\">Fonte: G1<\/p>\n<\/div>\n","protected":false},"excerpt":{"rendered":"<p>O n\u00famero de casos de dengue no Sul de Minas j\u00e1 passa de 14,1 mil em 2019, de acordo com dados divulgados nesta quarta-feira (11) pelo Minist\u00e9rio da Sa\u00fade. A regi\u00e3o sofreu um aumento maior do que a m\u00e9dia registrada no estado e at\u00e9 no pa\u00eds. Nas quatro unidades regionais de sa\u00fade do Sul de [&hellip;]<\/p>\n","protected":false},"author":7,"featured_media":248519,"comment_status":"closed","ping_status":"closed","sticky":false,"template":"","format":"standard","meta":{"advanced_seo_description":"","jetpack_seo_html_title":"","jetpack_seo_noindex":false,"_jetpack_memberships_contains_paid_content":false,"footnotes":""},"categories":[12],"tags":[467,466],"class_list":["post-248518","post","type-post","status-publish","format-standard","has-post-thumbnail","hentry","category-destaques-1","tag-automatico","tag-rascunho"],"jetpack_featured_media_url":"https:\/\/i0.wp.com\/www.lavras24horas.com.br\/portal\/wp-content\/uploads\/2019\/09\/normal-imagem-materia.jpg?fit=500%2C331&ssl=1","jetpack_sharing_enabled":true,"jetpack_likes_enabled":true,"jetpack_shortlink":"https:\/\/wp.me\/p12djN-12Em","_links":{"self":[{"href":"https:\/\/www.lavras24horas.com.br\/portal\/wp-json\/wp\/v2\/posts\/248518","targetHints":{"allow":["GET"]}}],"collection":[{"href":"https:\/\/www.lavras24horas.com.br\/portal\/wp-json\/wp\/v2\/posts"}],"about":[{"href":"https:\/\/www.lavras24horas.com.br\/portal\/wp-json\/wp\/v2\/types\/post"}],"author":[{"embeddable":true,"href":"https:\/\/www.lavras24horas.com.br\/portal\/wp-json\/wp\/v2\/users\/7"}],"replies":[{"embeddable":true,"href":"https:\/\/www.lavras24horas.com.br\/portal\/wp-json\/wp\/v2\/comments?post=248518"}],"version-history":[{"count":2,"href":"https:\/\/www.lavras24horas.com.br\/portal\/wp-json\/wp\/v2\/posts\/248518\/revisions"}],"predecessor-version":[{"id":248528,"href":"https:\/\/www.lavras24horas.com.br\/portal\/wp-json\/wp\/v2\/posts\/248518\/revisions\/248528"}],"wp:featuredmedia":[{"embeddable":true,"href":"https:\/\/www.lavras24horas.com.br\/portal\/wp-json\/wp\/v2\/media\/248519"}],"wp:attachment":[{"href":"https:\/\/www.lavras24horas.com.br\/portal\/wp-json\/wp\/v2\/media?parent=248518"}],"wp:term":[{"taxonomy":"category","embeddable":true,"href":"https:\/\/www.lavras24horas.com.br\/portal\/wp-json\/wp\/v2\/categories?post=248518"},{"taxonomy":"post_tag","embeddable":true,"href":"https:\/\/www.lavras24horas.com.br\/portal\/wp-json\/wp\/v2\/tags?post=248518"}],"curies":[{"name":"wp","href":"https:\/\/api.w.org\/{rel}","templated":true}]}}