{"id":248512,"date":"2019-09-12T15:00:17","date_gmt":"2019-09-12T18:00:17","guid":{"rendered":"https:\/\/www.lavras24horas.com.br\/portal\/?p=248512"},"modified":"2019-09-12T13:11:58","modified_gmt":"2019-09-12T16:11:58","slug":"comunidade-agradece-a-pm-depois-da-prisao-de-traficantes","status":"publish","type":"post","link":"https:\/\/www.lavras24horas.com.br\/portal\/comunidade-agradece-a-pm-depois-da-prisao-de-traficantes\/","title":{"rendered":"Comunidade agradece \u00e0 PM depois da pris\u00e3o de traficantes"},"content":{"rendered":"<p>&nbsp;<\/p>\n<p>&nbsp;<\/p>\n<p style=\"text-align: justify;\">Quarta-feira (11), \u00e0s 15:22, em Lavras, os militares receberam den\u00fancia informando que na rua Eduardo Alves de Carvalho, na Pedreira, havia 2 indiv\u00edduos traficando drogas.<\/p>\n<p style=\"text-align: justify;\">J\u00e1 no local a equipe abordou os denunciados de 25 e 28 anos.<\/p>\n<div class=\"text_exposed_show\">\n<p style=\"text-align: justify;\">Pr\u00f3ximo de onde eles estavam foram encontrados um tablete grande de maconha, um papelote de coca\u00edna e 30 pedras de crack.<\/p>\n<p style=\"text-align: justify;\">Os 2 infratores foram presos e seguiram at\u00e9 a Delegacia junto das drogas apreendidas.<\/p>\n<p style=\"text-align: justify;\">Ap\u00f3s a a\u00e7\u00e3o muitos moradores do bairro ligaram agradecendo os militares e confirmando que os indiv\u00edduos presos seriam os respons\u00e1veis pelo tr\u00e1fico de drogas no local.<\/p>\n<p style=\"text-align: justify;\">ACO\/8\u00baBPM<\/p>\n<\/div>\n","protected":false},"excerpt":{"rendered":"<p>&nbsp; &nbsp; Quarta-feira (11), \u00e0s 15:22, em Lavras, os militares receberam den\u00fancia informando que na rua Eduardo Alves de Carvalho, na Pedreira, havia 2 indiv\u00edduos traficando drogas. J\u00e1 no local a equipe abordou os denunciados de 25 e 28 anos. Pr\u00f3ximo de onde eles estavam foram encontrados um tablete grande de maconha, um papelote de [&hellip;]<\/p>\n","protected":false},"author":7,"featured_media":248513,"comment_status":"closed","ping_status":"closed","sticky":false,"template":"","format":"standard","meta":{"advanced_seo_description":"","jetpack_seo_html_title":"","jetpack_seo_noindex":false,"_jetpack_memberships_contains_paid_content":false,"footnotes":""},"categories":[14,4],"tags":[467,466],"class_list":["post-248512","post","type-post","status-publish","format-standard","has-post-thumbnail","hentry","category-destaques-2","category-lavras","tag-automatico","tag-rascunho"],"jetpack_featured_media_url":"https:\/\/i0.wp.com\/www.lavras24horas.com.br\/portal\/wp-content\/uploads\/2019\/09\/70563553_1169734343229076_2557071666584748032_n.jpg?fit=585%2C556&ssl=1","jetpack_sharing_enabled":true,"jetpack_likes_enabled":true,"jetpack_shortlink":"https:\/\/wp.me\/p12djN-12Eg","_links":{"self":[{"href":"https:\/\/www.lavras24horas.com.br\/portal\/wp-json\/wp\/v2\/posts\/248512","targetHints":{"allow":["GET"]}}],"collection":[{"href":"https:\/\/www.lavras24horas.com.br\/portal\/wp-json\/wp\/v2\/posts"}],"about":[{"href":"https:\/\/www.lavras24horas.com.br\/portal\/wp-json\/wp\/v2\/types\/post"}],"author":[{"embeddable":true,"href":"https:\/\/www.lavras24horas.com.br\/portal\/wp-json\/wp\/v2\/users\/7"}],"replies":[{"embeddable":true,"href":"https:\/\/www.lavras24horas.com.br\/portal\/wp-json\/wp\/v2\/comments?post=248512"}],"version-history":[{"count":1,"href":"https:\/\/www.lavras24horas.com.br\/portal\/wp-json\/wp\/v2\/posts\/248512\/revisions"}],"predecessor-version":[{"id":248514,"href":"https:\/\/www.lavras24horas.com.br\/portal\/wp-json\/wp\/v2\/posts\/248512\/revisions\/248514"}],"wp:featuredmedia":[{"embeddable":true,"href":"https:\/\/www.lavras24horas.com.br\/portal\/wp-json\/wp\/v2\/media\/248513"}],"wp:attachment":[{"href":"https:\/\/www.lavras24horas.com.br\/portal\/wp-json\/wp\/v2\/media?parent=248512"}],"wp:term":[{"taxonomy":"category","embeddable":true,"href":"https:\/\/www.lavras24horas.com.br\/portal\/wp-json\/wp\/v2\/categories?post=248512"},{"taxonomy":"post_tag","embeddable":true,"href":"https:\/\/www.lavras24horas.com.br\/portal\/wp-json\/wp\/v2\/tags?post=248512"}],"curies":[{"name":"wp","href":"https:\/\/api.w.org\/{rel}","templated":true}]}}