{"id":248507,"date":"2019-09-12T12:56:01","date_gmt":"2019-09-12T15:56:01","guid":{"rendered":"https:\/\/www.lavras24horas.com.br\/portal\/?p=248507"},"modified":"2019-09-12T12:56:01","modified_gmt":"2019-09-12T15:56:01","slug":"setembro-amarelo-psfs-de-lavras-realizam-acoes","status":"publish","type":"post","link":"https:\/\/www.lavras24horas.com.br\/portal\/setembro-amarelo-psfs-de-lavras-realizam-acoes\/","title":{"rendered":"Setembro Amarelo: PSFs de Lavras realizam a\u00e7\u00f5es"},"content":{"rendered":"<p>&nbsp;<\/p>\n<p>&nbsp;<\/p>\n<p style=\"font-weight: 400; text-align: justify;\"><span style=\"font-weight: 400;\">O Setembro Amarelo \u00e9 uma campanha que acontece desde 2014 em todo o pa\u00eds e visa a conscientiza\u00e7\u00e3o sobre a import\u00e2ncia da preven\u00e7\u00e3o ao suic\u00eddio. O per\u00edodo foi escolhido porque 10 de setembro \u00e9 o Dia Mundial de Preven\u00e7\u00e3o do Suic\u00eddio.<\/span><\/p>\n<p style=\"font-weight: 400; text-align: justify;\"><span style=\"font-weight: 400;\">Em Lavras, os PSFs (Programa da Sa\u00fade da Fam\u00edlia) est\u00e3o realizando diversas a\u00e7\u00f5es. Conhe\u00e7a a programa\u00e7\u00e3o e participe:<\/span><\/p>\n<p style=\"font-weight: 400; text-align: justify;\"><span style=\"font-weight: 400;\">12\/09\u00a0<\/span><\/p>\n<p style=\"font-weight: 400; text-align: justify;\"><span style=\"font-weight: 400;\">PSF 06 &#8211; S\u00e3o Francisco<\/span><\/p>\n<p style=\"font-weight: 400; text-align: justify;\"><span style=\"font-weight: 400;\">Palestra sobre suic\u00eddio e orienta\u00e7\u00f5es \u00e0s pessoas com ansiedade e doen\u00e7as mentais.<\/span><\/p>\n<p style=\"font-weight: 400; text-align: justify;\"><span style=\"font-weight: 400;\">Mais informa\u00e7\u00f5es:\u00a0 3694-4124<\/span><\/p>\n<p style=\"font-weight: 400;\"><span style=\"font-weight: 400;\">16\/09<\/span><\/p>\n<p style=\"font-weight: 400;\"><span style=\"font-weight: 400;\">PSF 02 &#8211; Lavrinhas<\/span><\/p>\n<p style=\"font-weight: 400;\"><span style=\"font-weight: 400;\">Palestra sobre preven\u00e7\u00e3o ao suic\u00eddio com a equipe do PSF e do NASF.<\/span><\/p>\n<p style=\"font-weight: 400;\"><span style=\"font-weight: 400;\">Hor\u00e1rio: 19h30<\/span><\/p>\n<p style=\"font-weight: 400;\"><span style=\"font-weight: 400;\">Mais informa\u00e7\u00f5es: 3694-4134<\/span><\/p>\n<p style=\"font-weight: 400;\"><span style=\"font-weight: 400;\">18\/09\u00a0<\/span><\/p>\n<p style=\"font-weight: 400;\"><span style=\"font-weight: 400;\">PSF 05 &#8211; Vale do Sol<\/span><\/p>\n<p style=\"font-weight: 400;\"><span style=\"font-weight: 400;\">Palestra com psic\u00f3loga sobre preven\u00e7\u00e3o ao suic\u00eddio.<\/span><\/p>\n<p style=\"font-weight: 400;\"><span style=\"font-weight: 400;\">Hor\u00e1rio: 8h30\u00a0<\/span><\/p>\n<p style=\"font-weight: 400;\"><span style=\"font-weight: 400;\">Mais informa\u00e7\u00f5es: 3694-4166<\/span><\/p>\n<p style=\"font-weight: 400;\"><span style=\"font-weight: 400;\">19\/09<\/span><\/p>\n<p style=\"font-weight: 400;\"><span style=\"font-weight: 400;\">PSF 07 &#8211; Jardim Floresta<\/span><\/p>\n<p style=\"font-weight: 400;\"><span style=\"font-weight: 400;\">Roda de Conversa, com a media\u00e7\u00e3o de psic\u00f3loga.<\/span><\/p>\n<p style=\"font-weight: 400;\"><span style=\"font-weight: 400;\">Hor\u00e1rio: 7h30<\/span><\/p>\n<p style=\"font-weight: 400;\"><span style=\"font-weight: 400;\">Mais informa\u00e7\u00f5es: 3694-4094<\/span><\/p>\n<p style=\"font-weight: 400;\"><span style=\"font-weight: 400;\">PSF 14 &#8211; Chacrinha<\/span><\/p>\n<p style=\"font-weight: 400;\"><span style=\"font-weight: 400;\">Bate-papo com psic\u00f3loga. Tema: Preven\u00e7\u00e3o ao Suic\u00eddio.<\/span><\/p>\n<p style=\"font-weight: 400;\"><span style=\"font-weight: 400;\">Tema: 15h<\/span><\/p>\n<p style=\"font-weight: 400;\"><span style=\"font-weight: 400;\">Mais informa\u00e7\u00f5es: 3694-4119<\/span><\/p>\n<p style=\"font-weight: 400;\"><span style=\"font-weight: 400;\">Voc\u00ea n\u00e3o est\u00e1 sozinho, falar \u00e9 a solu\u00e7\u00e3o!<\/span><\/p>\n<p style=\"font-weight: 400;\">\n","protected":false},"excerpt":{"rendered":"<p>&nbsp; &nbsp; O Setembro Amarelo \u00e9 uma campanha que acontece desde 2014 em todo o pa\u00eds e visa a conscientiza\u00e7\u00e3o sobre a import\u00e2ncia da preven\u00e7\u00e3o ao suic\u00eddio. O per\u00edodo foi escolhido porque 10 de setembro \u00e9 o Dia Mundial de Preven\u00e7\u00e3o do Suic\u00eddio. Em Lavras, os PSFs (Programa da Sa\u00fade da Fam\u00edlia) est\u00e3o realizando diversas [&hellip;]<\/p>\n","protected":false},"author":7,"featured_media":248423,"comment_status":"closed","ping_status":"closed","sticky":false,"template":"","format":"standard","meta":{"advanced_seo_description":"","jetpack_seo_html_title":"","jetpack_seo_noindex":false,"_jetpack_memberships_contains_paid_content":false,"footnotes":""},"categories":[12,4],"tags":[467,466],"class_list":["post-248507","post","type-post","status-publish","format-standard","has-post-thumbnail","hentry","category-destaques-1","category-lavras","tag-automatico","tag-rascunho"],"jetpack_featured_media_url":"https:\/\/i0.wp.com\/www.lavras24horas.com.br\/portal\/wp-content\/uploads\/2019\/09\/SETEMBRO-AMARELO25-e1560782143588.jpg?fit=600%2C360&ssl=1","jetpack_sharing_enabled":true,"jetpack_likes_enabled":true,"jetpack_shortlink":"https:\/\/wp.me\/p12djN-12Eb","_links":{"self":[{"href":"https:\/\/www.lavras24horas.com.br\/portal\/wp-json\/wp\/v2\/posts\/248507","targetHints":{"allow":["GET"]}}],"collection":[{"href":"https:\/\/www.lavras24horas.com.br\/portal\/wp-json\/wp\/v2\/posts"}],"about":[{"href":"https:\/\/www.lavras24horas.com.br\/portal\/wp-json\/wp\/v2\/types\/post"}],"author":[{"embeddable":true,"href":"https:\/\/www.lavras24horas.com.br\/portal\/wp-json\/wp\/v2\/users\/7"}],"replies":[{"embeddable":true,"href":"https:\/\/www.lavras24horas.com.br\/portal\/wp-json\/wp\/v2\/comments?post=248507"}],"version-history":[{"count":1,"href":"https:\/\/www.lavras24horas.com.br\/portal\/wp-json\/wp\/v2\/posts\/248507\/revisions"}],"predecessor-version":[{"id":248508,"href":"https:\/\/www.lavras24horas.com.br\/portal\/wp-json\/wp\/v2\/posts\/248507\/revisions\/248508"}],"wp:featuredmedia":[{"embeddable":true,"href":"https:\/\/www.lavras24horas.com.br\/portal\/wp-json\/wp\/v2\/media\/248423"}],"wp:attachment":[{"href":"https:\/\/www.lavras24horas.com.br\/portal\/wp-json\/wp\/v2\/media?parent=248507"}],"wp:term":[{"taxonomy":"category","embeddable":true,"href":"https:\/\/www.lavras24horas.com.br\/portal\/wp-json\/wp\/v2\/categories?post=248507"},{"taxonomy":"post_tag","embeddable":true,"href":"https:\/\/www.lavras24horas.com.br\/portal\/wp-json\/wp\/v2\/tags?post=248507"}],"curies":[{"name":"wp","href":"https:\/\/api.w.org\/{rel}","templated":true}]}}