{"id":248503,"date":"2019-09-12T12:50:02","date_gmt":"2019-09-12T15:50:02","guid":{"rendered":"https:\/\/www.lavras24horas.com.br\/portal\/?p=248503"},"modified":"2019-09-12T12:50:02","modified_gmt":"2019-09-12T15:50:02","slug":"proclamas-de-casamento-do-cartorio-de-registro-civil-de-lavras-54","status":"publish","type":"post","link":"https:\/\/www.lavras24horas.com.br\/portal\/proclamas-de-casamento-do-cartorio-de-registro-civil-de-lavras-54\/","title":{"rendered":"Proclamas de Casamento do Cart\u00f3rio de Registro Civil de Lavras"},"content":{"rendered":"<p>&nbsp;<\/p>\n<p>&nbsp;<\/p>\n<p style=\"text-align: center;\"><strong>REP\u00daBLICA FEDERATIVA DO BRASIL<\/strong><\/p>\n<p style=\"text-align: center;\"><strong>ESTADO DE MINAS GERAIS<\/strong><\/p>\n<p style=\"text-align: center;\"><strong>\u00a0<\/strong>Cart\u00f3rio de Registro Civil Souza Naves<\/p>\n<p style=\"text-align: center;\"><strong>Oficial Titular: J\u00c9SSICA LA\u00cdS BELCHIOR PEREIRA ASSIS<\/strong><\/p>\n<p style=\"text-align: center;\">Rua Santana, 194-A Centro<\/p>\n<p style=\"text-align: center;\">37200-000 &#8211; Lavras &#8211; MG<\/p>\n<p><strong>\u00a0<\/strong><\/p>\n<p><strong>Faz saber que pretendem casar-se:<\/strong><\/p>\n<p>&nbsp;<\/p>\n<p style=\"text-align: justify;\">011512 &#8211; ANDERSON FAUSTO DA SILVA, divorciado, maior, Metal\u00fargico, natural de Volta Redonda-RJ, resid\u00eancia Rua Jos\u00e9 Botelho de Carvalho, 11, \u00c1gua Limpa, Lavras-MG, filho(a) de BRAULIO FAUSTO DA SILVA e MARIA APARECIDA EUG\u00caNIO DA SILVA; e ADRIENE CRISTINA DE BRITO MORAES, solteira, maior, Metal\u00fargica, natural de Lavras-MG, resid\u00eancia Rua Anisio Haddad, 191, Vila Rica, Lavras-MG, filho(a) de DARIO APARECIDO DE MORAES e ROSEMARA DE BRITO MORAES;<\/p>\n<p style=\"text-align: justify;\">\n<p style=\"text-align: justify;\">011513 &#8211; CARLOS MAGNO DA SILVA SANTOS, solteiro, maior, auxiliar de produ\u00e7\u00e3o, natural de Lavras-MG, resid\u00eancia Rua 4, n\u00ba 101, Vista do Lago, Lavras-MG, filho(a) de SIDNEY PEREIRA DOS SANTOS e ERIKA HELENA DA SILVA; e LUANE MAYARA BATISTA, solteira, maior, auxiliar administrativo, natural de S\u00e3o Paulo-SP, resid\u00eancia Rua Geraldo Ribeiro, 694, Parque Bocaina, Lavras-MG, filho(a) de JO\u00c3O BATISTA e CLEIDE APARECIDA DA SILVA;<\/p>\n<p style=\"text-align: justify;\">\n<p style=\"text-align: justify;\">011514 &#8211; VITOR IVAN DOS SANTOS, solteiro, maior, Aut\u00f4nomo, natural de Minduri-MG, resid\u00eancia Rua Orlandino Pinto Ribeiro, 458, 458, Cruzeiro do Sul, Lavras-MG, filho(a) de JO\u00c3O ZACARIAS NETO e MARIA TEREZA MODESTO DOS SANTOS; e GRAZIELA SIMONE SANTINO, solteira, maior, do lar, natural de Lavras-MG, resid\u00eancia Rua Orlandino Pinto Ribeiro, 458, 458, Cruzeiro do Sul, Lavras-MG, filho(a) de WALTER SANTINO e MARIA RUTE BARBOSA SANTINO;<\/p>\n<p style=\"text-align: justify;\">\n<p style=\"text-align: justify;\">011515 &#8211; LUCAS MAIA DE FREITAS, solteiro, maior, inspetor de qualidade, natural de Resende-RJ, resid\u00eancia Rua Misseno de P\u00e1dua, 200, Apto 301, Centro, Lavras-MG, filho(a) de LUIS CLAUDIO VIANA DE FREITAS e ELISABETE IRENE DA SILVA MAIA; e SARA DE OLIVEIRA E SILVA, solteira, maior, t\u00e9cnica de enfermagem, natural de Lavras-MG, resid\u00eancia Rua Misseno de P\u00e1dua, 200, Apto 301, Centro, Lavras-MG, filho(a) de TARC\u00cdSIO DONIZETE DA SILVA e ROSELI F\u00c1TIMA DE OLIVEIRA;<\/p>\n<p style=\"text-align: justify;\">\n<p style=\"text-align: justify;\">011516 &#8211; JAIRO FONSECA PEREIRA, divorciado, maior, Aut\u00f4nomo, natural de El\u00f3i Mendes-MG, resid\u00eancia Rua Dalice Dile, 117 apto 402, Jardim das Magnolias, Lavras-MG, filho(a) de ABEDNEGO PEREIRA e MARIA APARECIDA FONSECA PEREIRA; e KAROLYNE STAIN FERREIRA, solteira, maior, Advogada, natural de Lavras-MG, resid\u00eancia Rua Francisco Xavier de Carvalho, 66, S\u00e3o Vicente, Lavras-MG, filho(a) de RICARDO ANTONIO FERREIRA e LUCIENE STAIN FERREIRA;<\/p>\n<p style=\"text-align: justify;\">\n<p style=\"text-align: justify;\">011517 &#8211; ALAN MARTINS FERREIRA DINIZ, solteiro, maior, advogado, natural de Oliveira-MG, resid\u00eancia Rua Jos\u00e9 Correia Afonso, 100, Jardim Gl\u00f3ria, Lavras-MG, filho(a) de GERALDO MARTINS DINIZ e DORA ALICE FERREIRA DINIZ; e J\u00c9SSICA POSSATO LOUREIRO, solteira, maior, engenheira civil, natural de Ribeir\u00e3o Vermelho-MG, resid\u00eancia Rua Moacir Costa Lima, 97, Centro, Lavras-MG, filho(a) de AUR\u00c9LIO PINTO LOUREIRO e ROSELENE POSSATO LOUREIRO;<\/p>\n<p style=\"text-align: justify;\">\n<p style=\"text-align: justify;\">011518 &#8211; ROG\u00c9RIO MIRANDA ALVES, solteiro, maior, Servidor P\u00fablico, natural de Cruz\u00edlia-MG, resid\u00eancia Rua Jair Ferreira, 10, Serra Azul, Lavras-MG, filho(a) de JOS\u00c9 FLORIANO ALVES e MARIA JOS\u00c9 MIRANDA ALVES; e CIBELE DA SILVA, solteira, maior, Servidora P\u00fablica, natural de Lavras-MG, resid\u00eancia Rua Afonso Pedro da Silva, 325, Jardim das Magn\u00f3lias 2, Lavras-MG, filho(a) de PAULO DA SILVA e MARIA AD\u00c9LIA DA SILVA;<\/p>\n<p style=\"text-align: justify;\">\n<p style=\"text-align: justify;\">011519 &#8211; FABIO DIAS MIRANDA, solteiro, maior, empres\u00e1rio, natural de S\u00e3o Paulo-SP, resid\u00eancia Rua Os\u00f3rio Sebasti\u00e3o, 600, Jardim Gl\u00f3ria, Lavras-MG, filho(a) de ANTONIO VALDIVINO VIEIRA DE MIRANDA e MARIA NILDA DIAS MIRANDA; e RARYANE CARLA DE SOUZA SANTOS, solteira, maior, vendedora, natural de Lavras-MG, resid\u00eancia Rua Os\u00f3rio Sebasti\u00e3o, 600, Jardim Gl\u00f3ria, Lavras-MG, filho(a) de CAIRO JOS\u00c9 DOS SANTOS e ROSA MONICA DE SOUZA;<\/p>\n<p style=\"text-align: justify;\">\n<p style=\"text-align: justify;\">011520 &#8211; C\u00c9LIO MORAIS, solteiro, maior, Trabalhador Rural, natural de Itumirim-MG, resid\u00eancia Rua Leo Rogerio de Oliveira, 168, Colinas da Serra, Lavras-MG, filho(a) de J\u00c9SUS DO NASCIMENTO DE MORAIS e MAFALDA DE JESUS MORAIS; e GIOVANA APARECIDA PEREIRA, solteira, maior, Vendedora, natural de Itumirim-MG, resid\u00eancia Rua Leo Rogerio de Oliveira, 168, Colinas da Serra, Lavras-MG, filho(a) de JOS\u00c9 ALBANO PEREIRA e MARTA DE CARVALHO PEREIRA;<\/p>\n<p style=\"text-align: justify;\">\n<p style=\"text-align: justify;\">011521 &#8211; MOIS\u00c9S GABRIEL GEREMIAS, solteiro, maior, metal\u00fargico, natural de Lavras-MG, resid\u00eancia Rua Rafael Mendes dos Santos, 331, Alto dos Ip\u00eas, Lavras-MG, filho(a) de GON\u00c7ALO GABRIEL GEREMIAS e NAZAR\u00c9 DA CONCEI\u00c7\u00c3O GEREMIAS; e FL\u00c1VIA RIV\u00c2NIA CARNEIRO, solteira, maior, cuidadora de idosos, natural de Lavras-MG, resid\u00eancia Rua Rafael Mendes dos Santos, 331, Alto dos Ip\u00eas, Lavras-MG, filho(a) de GERALDO FRANKLIN CARNEIRO e ANGELA MARIA SILVA CARNEIRO;<\/p>\n<p style=\"text-align: justify;\">\n<p style=\"text-align: justify;\">011522 &#8211; JOS\u00c9 CARLOS DA SILVA, solteiro, maior, Aposentado, natural de Varginha-MG, resid\u00eancia Rua 3, 152 A, 152, Dona Irene, Lavras-MG, filho(a) de ONOFRE PAULO DA SILVA e MARIA TEREZA LUIZA DA SILVA; e ROSENILDA ANT\u00d4NIA DA SILVA, divorciada, maior, Aut\u00f4noma, natural de Lavras-MG, resid\u00eancia Rua 3, 152 A,, 152, Dona Irene, Lavras-MG, filho(a) de SEBASTI\u00c3O MODESTO DA SILVA e NADIR ALVES DA SILVA;<\/p>\n<p style=\"text-align: justify;\">\n<p style=\"text-align: justify;\">011523 &#8211; EDMILSON J\u00daLIO DE SOUZA, solteiro, maior, Gerente, natural de Carrancas-MG, resid\u00eancia Rua Professor Orozimbo, 159 A, Retiro, Lavras-MG, filho(a) de NELSON J\u00daLIO e MARIA DE NAZAR\u00c9 J\u00daLIO MOREIRA; e CRISTIELE APARECIDA DOS SANTOS, solteira, maior, Do lar, natural de Lavras-MG, resid\u00eancia Rua Professor Orozimbo, 159 A, Retiro, Lavras-MG, filho(a) de GERALDO PEREIRA DOS SANTOS e SOLANGE VICENTINA MACHADO DOS SANTOS;<\/p>\n<p style=\"text-align: justify;\">\n<p style=\"text-align: justify;\">011524 &#8211; GABRIEL DE SOUZA PAGNO, solteiro, maior, Auxiliar de Cozinha, natural de Vacaria-RS, resid\u00eancia Rua Q 3, 51, Caminho das \u00c1guas, Lavras-MG, filho(a) de J\u00daLIO C\u00c9SAR DE SOUZA PAGNO e SILVANA MACHADO DE SOUZA; e AMANDA MARIA COSTA FREIRE, solteira, maior, Auxiliar de Cozinha, natural de Cana Verde-MG, resid\u00eancia Rua Q 3, 51, Caminho das \u00c1guas, Lavras-MG, filho(a) de CARLOS REIS FREIRE e RILMA APARECIDA COSTA;<\/p>\n<p style=\"text-align: justify;\">\n<p style=\"text-align: justify;\">011525 &#8211; GLEIDSON AGOSTINHO, solteiro, maior, Retireiro, natural de Itutinga-MG, resid\u00eancia Rua L\u00e1zaro Benedito Pedrosa, 100, Pitangui, Lavras-MG, filho(a) de HEITOR AGOSTINHO e TEREZINHA DAS GRA\u00c7AS PEREIRA; e MARIA APARECIDA DE OLIVEIRA, divorciada, maior, do lar, natural de Ipu\u00e3-SP, resid\u00eancia Rua L\u00e1zaro Benedito Pedrosa, 100, Pitangui, Lavras-MG, filho(a) de FRANCISCO AM\u00c9RICO DE OLIVEIRA e LOURDES FRANCISCA OLIVEIRA;<\/p>\n<p style=\"text-align: justify;\">\n<p style=\"text-align: justify;\"><strong>Os contraentes apresentaram os documentos exigidos pelo art.1525 do C\u00f3digo Civil Brasileiro. Se algu\u00e9m souber de algum impedimento, que os impe\u00e7am de se casar, que o fa\u00e7a na forma da Lei:<\/strong><\/p>\n<p style=\"text-align: justify;\"><strong>\u00a0<\/strong><\/p>\n<p style=\"text-align: center;\"><strong>Lavras, 12\/09\/2019<\/strong><\/p>\n<p style=\"text-align: center;\"><strong>\u00a0<\/strong><\/p>\n<p style=\"text-align: center;\"><strong>J\u00c9SSICA LA\u00cdS BELCHIOR PEREIRA ASSIS <\/strong><\/p>\n<p style=\"text-align: center;\"><strong>Oficial do Registro Civil<\/strong><\/p>\n<p>&nbsp;<\/p>\n","protected":false},"excerpt":{"rendered":"<p>&nbsp; &nbsp; REP\u00daBLICA FEDERATIVA DO BRASIL ESTADO DE MINAS GERAIS \u00a0Cart\u00f3rio de Registro Civil Souza Naves Oficial Titular: J\u00c9SSICA LA\u00cdS BELCHIOR PEREIRA ASSIS Rua Santana, 194-A Centro 37200-000 &#8211; Lavras &#8211; MG \u00a0 Faz saber que pretendem casar-se: &nbsp; 011512 &#8211; ANDERSON FAUSTO DA SILVA, divorciado, maior, Metal\u00fargico, natural de Volta Redonda-RJ, resid\u00eancia Rua Jos\u00e9 [&hellip;]<\/p>\n","protected":false},"author":7,"featured_media":248504,"comment_status":"closed","ping_status":"closed","sticky":false,"template":"","format":"standard","meta":{"advanced_seo_description":"","jetpack_seo_html_title":"","jetpack_seo_noindex":false,"_jetpack_memberships_contains_paid_content":false,"footnotes":""},"categories":[13,4],"tags":[467,466],"class_list":["post-248503","post","type-post","status-publish","format-standard","has-post-thumbnail","hentry","category-laterais-1","category-lavras","tag-automatico","tag-rascunho"],"jetpack_featured_media_url":"https:\/\/i0.wp.com\/www.lavras24horas.com.br\/portal\/wp-content\/uploads\/2019\/09\/d5fcdda7-54cf-4cbc-aadb-2e0301cd6e3c-4-1.jpg?fit=524%2C350&ssl=1","jetpack_sharing_enabled":true,"jetpack_likes_enabled":true,"_links":{"self":[{"href":"https:\/\/www.lavras24horas.com.br\/portal\/wp-json\/wp\/v2\/posts\/248503","targetHints":{"allow":["GET"]}}],"collection":[{"href":"https:\/\/www.lavras24horas.com.br\/portal\/wp-json\/wp\/v2\/posts"}],"about":[{"href":"https:\/\/www.lavras24horas.com.br\/portal\/wp-json\/wp\/v2\/types\/post"}],"author":[{"embeddable":true,"href":"https:\/\/www.lavras24horas.com.br\/portal\/wp-json\/wp\/v2\/users\/7"}],"replies":[{"embeddable":true,"href":"https:\/\/www.lavras24horas.com.br\/portal\/wp-json\/wp\/v2\/comments?post=248503"}],"version-history":[{"count":1,"href":"https:\/\/www.lavras24horas.com.br\/portal\/wp-json\/wp\/v2\/posts\/248503\/revisions"}],"predecessor-version":[{"id":248505,"href":"https:\/\/www.lavras24horas.com.br\/portal\/wp-json\/wp\/v2\/posts\/248503\/revisions\/248505"}],"wp:featuredmedia":[{"embeddable":true,"href":"https:\/\/www.lavras24horas.com.br\/portal\/wp-json\/wp\/v2\/media\/248504"}],"wp:attachment":[{"href":"https:\/\/www.lavras24horas.com.br\/portal\/wp-json\/wp\/v2\/media?parent=248503"}],"wp:term":[{"taxonomy":"category","embeddable":true,"href":"https:\/\/www.lavras24horas.com.br\/portal\/wp-json\/wp\/v2\/categories?post=248503"},{"taxonomy":"post_tag","embeddable":true,"href":"https:\/\/www.lavras24horas.com.br\/portal\/wp-json\/wp\/v2\/tags?post=248503"}],"curies":[{"name":"wp","href":"https:\/\/api.w.org\/{rel}","templated":true}]}}